{"id":11360,"date":"2026-03-18T12:29:41","date_gmt":"2026-03-18T14:29:41","guid":{"rendered":"https:\/\/www.encontraitaquera.com.br\/sobre\/assim-como-niteroi-com-lula-escola-que-revoltou-pt-com-homenagem-a-alckmin-e-serra-tambem-foi-rebaixada-relembre\/"},"modified":"2026-03-18T12:29:41","modified_gmt":"2026-03-18T14:29:41","slug":"assim-como-niteroi-com-lula-escola-que-revoltou-pt-com-homenagem-a-alckmin-e-serra-tambem-foi-rebaixada-relembre","status":"publish","type":"post","link":"https:\/\/www.encontraitaquera.com.br\/sobre\/assim-como-niteroi-com-lula-escola-que-revoltou-pt-com-homenagem-a-alckmin-e-serra-tambem-foi-rebaixada-relembre\/","title":{"rendered":"Assim como Niter\u00f3i com Lula, escola que revoltou PT com homenagem a Alckmin e Serra tamb\u00e9m foi rebaixada; relembre"},"content":{"rendered":"<div class=\"f6a401da1b960306e8d5ff784b0b5528\" data-index=\"1\" style=\"float: none; margin:0px;\">\n<!-- Anuncio display - global -->\r\n<ins class=\"adsbygoogle\"\r\n     style=\"display:block\"\r\n     data-ad-client=\"ca-pub-8585364105181520\"\r\n     data-ad-slot=\"8789329856\"\r\n     data-ad-format=\"auto\"\r\n     data-full-width-responsive=\"true\"><\/ins>\r\n<script>\r\n     (adsbygoogle = window.adsbygoogle || []).push({});\r\n<\/script>\n<\/div>\n<h2>Contexto Hist\u00f3rico das Homenagens em Carnaval<\/h2>\n<p>No Brasil, as escolas de samba sempre desempenharam um papel central nas festividades do Carnaval, n\u00e3o apenas como espa\u00e7os de celebra\u00e7\u00e3o, mas tamb\u00e9m como plataformas para express\u00f5es pol\u00edticas e sociais. A hist\u00f3ria das homenagens durante os desfiles \u00e9 marcada por controv\u00e9rsias e debates. Um exemplo not\u00e1vel ocorreu em 2006, quando a escola de samba Leandro de Itaquera prestou uma homenagem a Geraldo Alckmin e Jos\u00e9 Serra, figuras proeminentes do PSDB, durante um per\u00edodo eleitoral. Essa escolha gerou rea\u00e7\u00f5es intensas do PT, que argumentou que tal a\u00e7\u00e3o era uma manipula\u00e7\u00e3o pol\u00edtica em um espa\u00e7o que deveria ser celebrado pela arte e pela cultura.<\/p>\n<p>O desfile da Leandro de Itaquera inclu\u00eda uma alegoria que apresentava bonecos em tamanho gigante dos dois pol\u00edticos, o que foi visto como uma clara tentativa de usar a festa popular como uma plataforma de promo\u00e7\u00e3o pessoal. A situa\u00e7\u00e3o levantou quest\u00f5es relevantes sobre o uso de recursos p\u00fablicos e a \u00e9tica das homenagens nas escolas de samba. Esse hist\u00f3rico n\u00e3o \u00e9 isolado, pois reflete a intersec\u00e7\u00e3o entre arte, pol\u00edtica e dinheiro p\u00fablico, uma discuss\u00e3o que persiste at\u00e9 os dias de hoje.<\/p>\n<h2>Rea\u00e7\u00e3o do PT e A\u00e7\u00e3o Judicial<\/h2>\n<p>A rea\u00e7\u00e3o do PT em 2006 foi r\u00e1pida e contundente. Vereadores da sigla entraram com uma a\u00e7\u00e3o na Justi\u00e7a pedindo uma suspens\u00e3o do desfile da Leandro de Itaquera, argumentando que a escola estava utilizando dinheiro p\u00fablico para fins eleitorais. O l\u00edder da bancada do PT, Arselino Tatto, afirmou que a homenagem representava uma utiliza\u00e7\u00e3o inadequada de recursos, insistindo que o dinheiro deveria ser direcionado para fins sociais e n\u00e3o para a promo\u00e7\u00e3o de figuras pol\u00edticas. A reivindica\u00e7\u00e3o, na \u00e9poca, para a suspens\u00e3o da participa\u00e7\u00e3o da escola no desfile n\u00e3o teve \u00eaxito, e a apresenta\u00e7\u00e3o aconteceu como planejado. A situa\u00e7\u00e3o destaca o quanto as homenagens nas escolas de samba podem incitar debates pol\u00edticos acalorados e questionar a utiliza\u00e7\u00e3o de recursos p\u00fablicos.<\/p>\n<h2>Impacto nas Escolas de Samba<\/h2>\n<p>As repercuss\u00f5es das controversas homenagens v\u00e3o al\u00e9m das discuss\u00f5es pol\u00edticas e judiciais. Tanto a Leandro de Itaquera quanto outras escolas que enfrentaram pol\u00eamica similar, como a Acad\u00eamicos de Niter\u00f3i em 2023, foram afetadas em sua reputa\u00e7\u00e3o e hierarquia dentro do Carnaval. O rebaixamento da escola ap\u00f3s o desfile \u00e9 um princ\u00edpio de penaliza\u00e7\u00e3o que reflete a resposta do p\u00fablico e da cr\u00edtica a essas escolhas. As escolas de samba, que devem seu sucesso \u00e0 empolga\u00e7\u00e3o e ao apoio popular, podem sofrer consequ\u00eancias financeiras e sociais quando s\u00e3o vistas como instrumentos de propaganda.<\/p>\n<h2>Dinheiro P\u00fablico e Campanhas Pol\u00edticas<\/h2>\n<p>A quest\u00e3o do financiamento de escolas de samba com dinheiro p\u00fablico \u00e9 um tema que continua a gerar debates acalorados. Em ambos os casos &#8211; o de Alckmin e Serra em 2006 e a homenagem a Lula, em 2023 &#8211; as alega\u00e7\u00f5es giraram em torno do uso de recursos que poderiam ser melhor aplicados em \u00e1reas sociais. O Fundo de Financiamento das Escolas de Samba \u00e9 uma fonte de recursos que, em esses casos, foi chamada de manipula\u00e7\u00e3o velada, levando argumenta\u00e7\u00f5es sobre como essa pr\u00e1tica pode influenciar a percep\u00e7\u00e3o p\u00fablica de figuras pol\u00edticas.<br \/>A cr\u00edtica \u00e0 destina\u00e7\u00e3o de R$ 1 milh\u00e3o para a escola de Niter\u00f3i, por exemplo, adveio da alega\u00e7\u00e3o de que isso poderia ser usado para enaltecer a figura de Lula, que nesse momento se posicionava como pr\u00e9-candidato \u00e0 reelei\u00e7\u00e3o. Isso levantou quest\u00f5es importantes sobre a influ\u00eancia que festividades populares t\u00eam na pol\u00edtica e vice-versa.<\/p>\n<h2>O Papel da Justi\u00e7a nas Decis\u00f5es Culturais<\/h2>\n<p>O papel da Justi\u00e7a em todas essas situa\u00e7\u00f5es se torna crucial. Em um cen\u00e1rio onde a arte deve ser livre, a interven\u00e7\u00e3o judicial pode parecer uma forma de censura. No entanto, a defesa de recursos p\u00fablicos e a manuten\u00e7\u00e3o da \u00e9tica na aplica\u00e7\u00e3o desse dinheiro s\u00e3o responsabilidade do sistema jur\u00eddico. Com o caso da Acad\u00eamicos de Niter\u00f3i, v\u00e1rias frentes de a\u00e7\u00e3o popular foram levantadas, mas acabaram sendo rejeitadas, dado que a Justi\u00e7a n\u00e3o identificou evid\u00eancias de propaganda eleitoral precoce. Mesmo assim, a resposta da Justi\u00e7a mostra a necessidade de um equil\u00edbrio entre a liberdade criativa e os seus limites legais.<\/p>\n<h2>Rebaixamento de Escolas de Samba<\/h2>\n<p>O rebaixamento das escolas de samba n\u00e3o \u00e9 apenas uma quest\u00e3o de performance no desfile, mas reflete uma percep\u00e7\u00e3o lament\u00e1vel e uma resposta ao uso pol\u00edtico que as homenagens representam. Ap\u00f3s o desfile, a Acad\u00eamicos de Niter\u00f3i, que fez uma rever\u00eancia a Lula, assim como a Leandro de Itaquera ap\u00f3s sua exibi\u00e7\u00e3o em 2006, enfrentou rebaixamento, evidenciando que tais homenagens podem custar caro \u00e0s escolas. O impacto no ranking e a percep\u00e7\u00e3o do p\u00fablico sobre essas escolhas art\u00edsticas se tornam decisivos n\u00e3o somente para a trajet\u00f3ria de uma escola, mas tamb\u00e9m para suas futuras apresenta\u00e7\u00f5es e patroc\u00ednios.<\/p>\n<h2>Consequ\u00eancias para a Imagem P\u00fablica<\/h2>\n<p>A imagem p\u00fablica das escolas impactadas n\u00e3o se restringe \u00e0s redes sociais ou \u00e0 opini\u00e3o p\u00fablica sobre o desfile espec\u00edfico, mas se estende a um cen\u00e1rio mais amplo de reputa\u00e7\u00e3o. Quando uma escola de samba \u00e9 vista como um suporte para propaganda eleitoral, sua credibilidade e autenticidade como ve\u00edculo cultural podem ser questionadas. Essa mudan\u00e7a na percep\u00e7\u00e3o pode impactar n\u00e3o s\u00f3 a liga\u00e7\u00e3o da comunidade com a escola, mas tamb\u00e9m suas futuras parcerias e financiamentos.<\/p>\n<h2>Agora e Anos Passados: Um Paralelo<\/h2>\n<p>O paralelo entre as homenagens ao longo dos anos \u00e9 sumamente relevante. O que aconteceu em 2006 com a Leandro de Itaquera ressoa fortemente nas controv\u00e9rsias atuais envolvendo a Acad\u00eamicos de Niter\u00f3i. Observa-se um padr\u00e3o de rea\u00e7\u00f5es e penaliza\u00e7\u00f5es que se repete, mostrando como o Carnaval \u00e9 um espelho da pol\u00edtica brasileira. O Brasil, com seus desafios sociais e pol\u00edticos, traz \u00e0 tona quest\u00f5es pertinentes sobre onde termina a arte e onde come\u00e7a a pol\u00edtica na esfera p\u00fablica.<\/p>\n<h2>A Influ\u00eancia do Carnaval na Pol\u00edtica<\/h2>\n<p>O Carnaval, como uma das express\u00f5es culturais mais vibrantes do Brasil, n\u00e3o pode ser visto isoladamente do contexto pol\u00edtico. As interse\u00e7\u00f5es entre pol\u00edtica e cultura s\u00e3o evidentes em todos os n\u00edveis, e as escolas de samba funcionam como uma das maiores plataformas para tais intera\u00e7\u00f5es. A influ\u00eancia que o Carnaval tem na pol\u00edtica \u00e9 ineg\u00e1vel; muitos pol\u00edticos aproveitam o calor da festa para forjar rela\u00e7\u00f5es com eleitores. No entanto, a arte usada como plataforma pol\u00edtica n\u00e3o deve desvirtuar os princ\u00edpios da festa e da celebra\u00e7\u00e3o, aspecto essencial da cultura brasileira.<\/p>\n<h2>Reflex\u00e3o sobre Cultura e Pol\u00edtica no Brasil<\/h2>\n<p>As situa\u00e7\u00f5es ocorridas com as homenagens de 2006 e 2023 levantam quest\u00f5es amplas sobre a intersec\u00e7\u00e3o entre cultura e pol\u00edtica no Brasil. O uso de recursos p\u00fablicos para fins que n\u00e3o sejam p\u00fablicos se choca com a \u00e9tica e a moralidade na gest\u00e3o p\u00fablica. \u00c0 medida que as escolas de samba se tornam locais de propaganda pol\u00edtica, o risco \u00e9 que esse espa\u00e7o deixe de ser um reflexo das alegrias do povo e se transforme em uma plataforma para interesses pessoais. Essa reflex\u00e3o \u00e9 fundamental para moldar o futuro das representa\u00e7\u00f5es art\u00edsticas e culturais no pa\u00eds.<\/p>\n\n<div style=\"font-size: 0px; height: 0px; line-height: 0px; margin: 0; padding: 0; clear: both;\"><\/div>","protected":false},"excerpt":{"rendered":"<p>Escola de samba e a pol\u00eamica homenagem a Alckmin e Serra em Niter\u00f3i.<\/p>\n","protected":false},"author":1,"featured_media":0,"comment_status":"closed","ping_status":"closed","sticky":false,"template":"","format":"standard","meta":{"footnotes":""},"categories":[6],"tags":[],"class_list":["post-11360","post","type-post","status-publish","format-standard","hentry","category-noticias-itaquera"],"_links":{"self":[{"href":"https:\/\/www.encontraitaquera.com.br\/sobre\/wp-json\/wp\/v2\/posts\/11360","targetHints":{"allow":["GET"]}}],"collection":[{"href":"https:\/\/www.encontraitaquera.com.br\/sobre\/wp-json\/wp\/v2\/posts"}],"about":[{"href":"https:\/\/www.encontraitaquera.com.br\/sobre\/wp-json\/wp\/v2\/types\/post"}],"author":[{"embeddable":true,"href":"https:\/\/www.encontraitaquera.com.br\/sobre\/wp-json\/wp\/v2\/users\/1"}],"replies":[{"embeddable":true,"href":"https:\/\/www.encontraitaquera.com.br\/sobre\/wp-json\/wp\/v2\/comments?post=11360"}],"version-history":[{"count":0,"href":"https:\/\/www.encontraitaquera.com.br\/sobre\/wp-json\/wp\/v2\/posts\/11360\/revisions"}],"wp:attachment":[{"href":"https:\/\/www.encontraitaquera.com.br\/sobre\/wp-json\/wp\/v2\/media?parent=11360"}],"wp:term":[{"taxonomy":"category","embeddable":true,"href":"https:\/\/www.encontraitaquera.com.br\/sobre\/wp-json\/wp\/v2\/categories?post=11360"},{"taxonomy":"post_tag","embeddable":true,"href":"https:\/\/www.encontraitaquera.com.br\/sobre\/wp-json\/wp\/v2\/tags?post=11360"}],"curies":[{"name":"wp","href":"https:\/\/api.w.org\/{rel}","templated":true}]}}