{"id":11434,"date":"2026-04-17T12:04:20","date_gmt":"2026-04-17T14:04:20","guid":{"rendered":"https:\/\/www.encontraitaquera.com.br\/sobre\/a-energia-do-reggae-invade-o-sesc-itaquera-em-nova-edicao-do-reggae-no-gramado\/"},"modified":"2026-04-17T12:04:20","modified_gmt":"2026-04-17T14:04:20","slug":"a-energia-do-reggae-invade-o-sesc-itaquera-em-nova-edicao-do-reggae-no-gramado","status":"publish","type":"post","link":"https:\/\/www.encontraitaquera.com.br\/sobre\/a-energia-do-reggae-invade-o-sesc-itaquera-em-nova-edicao-do-reggae-no-gramado\/","title":{"rendered":"A energia do reggae invade o Sesc Itaquera em nova edi\u00e7\u00e3o do &#8220;Reggae no Gramado&#8221;"},"content":{"rendered":"<div class=\"f6a401da1b960306e8d5ff784b0b5528\" data-index=\"1\" style=\"float: none; margin:0px;\">\n<!-- Anuncio display - global -->\r\n<ins class=\"adsbygoogle\"\r\n     style=\"display:block\"\r\n     data-ad-client=\"ca-pub-8585364105181520\"\r\n     data-ad-slot=\"8789329856\"\r\n     data-ad-format=\"auto\"\r\n     data-full-width-responsive=\"true\"><\/ins>\r\n<script>\r\n     (adsbygoogle = window.adsbygoogle || []).push({});\r\n<\/script>\n<\/div>\n<h2>Hist\u00f3ria do Reggae no Gramado<\/h2>\n<p>O <strong>Reggae no Gramado<\/strong> \u00e9 um festival que se consolidou no Sesc Itaquera desde sua primeira edi\u00e7\u00e3o em 2017. Este evento une as melhores bandas de reggae, proporcionando uma experi\u00eancia \u00fanica aos f\u00e3s desse ritmo vibrante, que \u00e9 caracterizado por suas ra\u00edzes jamaicanas e mensagens de paz e amor. O festival, ao longo dos anos, vem se tornando uma tradi\u00e7\u00e3o, atraindo cada vez mais espectadores e admiradores do g\u00eanero musical.<\/p>\n<p>O conceito por tr\u00e1s do <strong>Reggae no Gramado<\/strong> \u00e9 oferecer uma programa\u00e7\u00e3o diversificada que inclui tanto artistas consagrados quanto novas promessas do reggae. J\u00e1 marcaram presen\u00e7a no evento bandas como <strong>Ponto de Equil\u00edbrio<\/strong>, <strong>Filosofia Reggae<\/strong>, <strong>Mato Seco<\/strong>, <strong>Le\u00f5es de Israel<\/strong> e <strong>Tribo de Jah<\/strong>, entre outros. Este interc\u00e2mbio de estilos e influ\u00eancias torna o festival ainda mais especial.<\/p>\n<h2>Bandas Confirmadas para Este Ano<\/h2>\n<p>Para a edi\u00e7\u00e3o de 2026 do <strong>Reggae no Gramado<\/strong>, uma s\u00e9rie de apresenta\u00e7\u00f5es j\u00e1 est\u00e1 confirmada:<\/p>\n<p><img decoding=\"async\" src=\"https:\/\/www.encontraitaquera.com.br\/sobre\/wp-content\/uploads\/2026\/04\/a-energia-do-reggae-invade-o-sesc-itaquera-em-nova-edicao-do-reggae-no-gramado.webp\" alt=\"Reggae no Gramado\" loading=\"lazy\" \/><\/p>\n<ul>\n<li><strong>Ambulantes<\/strong> &#8211; 19\/4\/2026, domingo \u00e0s 15h, Palco da Pra\u00e7a de Eventos, Gr\u00e1tis \u2013 Livre<\/li>\n<li><strong>Alma Livre<\/strong> &#8211; 21\/4\/2026, ter\u00e7a \u00e0s 15h, Palco da Pra\u00e7a de Eventos, Gr\u00e1tis \u2013 Livre<\/li>\n<li><strong>Sistah Mari<\/strong> &#8211; 26\/4\/2026, domingo \u00e0s 13h, Palco da Orquestra M\u00e1gica, Gr\u00e1tis \u2013 Livre<\/li>\n<li><strong>Maskavo<\/strong> &#8211; 26\/4\/2026, domingo \u00e0s 15h, Palco da Orquestra M\u00e1gica, Gr\u00e1tis \u2013 Livre<\/li>\n<li><strong>Sistah Chilli<\/strong> &#8211; 1\u00ba\/5\/2026, sexta \u00e0s 13h, Palco da Orquestra M\u00e1gica, Gr\u00e1tis \u2013 Livre<\/li>\n<li><strong>Tati Portella<\/strong> &#8211; 1\u00ba\/5\/2026, sexta \u00e0s 15h, Palco da Orquestra M\u00e1gica, Gr\u00e1tis \u2013 Livre<\/li>\n<\/ul>\n<p>Essas performances prometem trazer uma mistura de emo\u00e7\u00f5es e boas vibra\u00e7\u00f5es, refletindo a ess\u00eancia do reggae. Os visitantes podem esperar por uma experi\u00eancia musical envolvente e cheia de energia.<\/p>\n<h2>Atra\u00e7\u00f5es Surpresa do Festival<\/h2>\n<p>Al\u00e9m das bandas j\u00e1 confirmadas, o <strong>Reggae no Gramado<\/strong> costuma reservar algumas surpresas para o p\u00fablico. Certa vez, o festival trouxe artistas emergentes e at\u00e9 colabora\u00e7\u00f5es inesperadas entre os m\u00fasicos, fazendo deste evento um espa\u00e7o para a criatividade e a diversidade musical. O festival \u00e9 uma oportunidade \u00fanica para redescobrir o g\u00eanero reggae e seus artistas, sempre com espa\u00e7o para inova\u00e7\u00e3o e novas ideias.<\/p>\n<h2>Dicas para Chegar ao Evento<\/h2>\n<p>Se voc\u00ea planeja comparecer ao <strong>Reggae no Gramado<\/strong>, aqui est\u00e3o algumas orienta\u00e7\u00f5es essenciais:<\/p>\n<h3>1. Chegar com Tranquilidade<\/h3>\n<p>A melhor forma de evitar o estresse do tr\u00e2nsito \u00e9 optar por transporte p\u00fablico. O Sesc Itaquera est\u00e1 bem conectado e oferece v\u00e1rias op\u00e7\u00f5es para chegar at\u00e9 l\u00e1.<\/p>\n<h3>2. Rotas Recomendadas<\/h3>\n<p>Dire\u00e7\u00f5es a partir de locais estrat\u00e9gicos:<\/p>\n<ul>\n<li><strong>Esta\u00e7\u00e3o Corinthians-Itaquera:<\/strong> Utilize o metr\u00f4 at\u00e9 a esta\u00e7\u00e3o terminal (Linha 3 \u2013 Vermelha do Metr\u00f4 \/ Linha 11 \u2013 Coral da CPTM) e, em seguida, pegue o micro-\u00f4nibus <strong>3796-10 \u2013 Gleba do P\u00eassego<\/strong>, com um trajeto de cerca de 30 minutos.<\/li>\n<li><strong>Terminal Metropolitano S\u00e3o Mateus:<\/strong> Embarque no \u00f4nibus <strong>253F-10 \u2013 Terminal A. E. Carvalho<\/strong> com destino ao Sesc Itaquera.<\/li>\n<\/ul>\n<p>N\u00e3o esque\u00e7a que tamb\u00e9m \u00e9 poss\u00edvel acessar o Sesc pela <strong>Portaria 2<\/strong>, com um caminhada de aproximadamente 1 km a partir da Avenida Aricanduva.<\/p>\n<h2>Melhores Espa\u00e7os para Apreciar os Shows<\/h2>\n<p>O Sesc Itaquera oferece uma ampla estrutura para os visitantes. Alguns dos principais palcos do evento incluem:<\/p>\n<ul>\n<li><strong>Palco da Pra\u00e7a de Eventos:<\/strong> Ideal para shows em grande escala, com \u00f3tima visibilidade.<\/li>\n<li><strong>Palco da Orquestra M\u00e1gica:<\/strong> Um espa\u00e7o aconchegante, onde o som do reggae pode ser apreciado em um ambiente mais reservado.<\/li>\n<\/ul>\n<p>Esses locais proporcionam um \u00f3timo ambiente para que os f\u00e3s possam curtir cada momento dos shows.<\/p>\n<h2>Alimenta\u00e7\u00e3o Durante o Festival<\/h2>\n<p>Como em grandes festivais, a oferta de alimenta\u00e7\u00e3o \u00e9 diversificada. Contudo, \u00e9 recomend\u00e1vel trazer lanches leves e uma garrafinha de \u00e1gua, pois em dias de grande movimenta\u00e7\u00e3o, as filas podem ser longas. O Sesc Itaquera possui bebedouros instalados em v\u00e1rios pontos, o que facilita a hidrata\u00e7\u00e3o durante o evento.<\/p>\n<h2>Conex\u00e3o com a Natureza no Sesc<\/h2>\n<p>Uma das grandes atra\u00e7\u00f5es do <strong>Reggae no Gramado<\/strong> \u00e9 a localiza\u00e7\u00e3o do evento. O Sesc Itaquera est\u00e1 inserido em uma \u00e1rea verde, permitindo que os visitantes desfrutem do ambiente natural enquanto assistem aos shows. Essa conex\u00e3o com a natureza contribui para uma experi\u00eancia mais relaxante e harmoniosa, vibrando com as boas energias do reggae.<\/p>\n<h2>Import\u00e2ncia do Reggae na Cultura Brasileira<\/h2>\n<p>O reggae vai al\u00e9m de um g\u00eanero musical. No Brasil, ele \u00e9 um s\u00edmbolo de resist\u00eancia e express\u00e3o cultural. O estilo toca temas importantes, como a luta por igualdade e a valoriza\u00e7\u00e3o da paz. Festivals como o <strong>Reggae no Gramado<\/strong> ajudam a preservar e disseminar essa rica cultura, permitindo que novas gera\u00e7\u00f5es conhe\u00e7am e se conectem com essas mensagens.<\/p>\n<h2>Transporte P\u00fablico e Acessibilidade<\/h2>\n<p>Em sua preocupa\u00e7\u00e3o com a acessibilidade, o Sesc Itaquera garante que o transporte p\u00fablico \u00e9 uma op\u00e7\u00e3o vi\u00e1vel e eficiente. As op\u00e7\u00f5es de \u00f4nibus, metr\u00f4 e CPTM est\u00e3o sempre abertas e s\u00e3o frequentes. Al\u00e9m disso, o Sesc est\u00e1 preparado para receber pessoas com defici\u00eancia, oferecendo facilidades como cal\u00e7adas acess\u00edveis e banheiros adaptados.<\/p>\n<h2>O Que Levar para Aproveitar Melhor<\/h2>\n<p>Para uma experi\u00eancia completa no <strong>Reggae no Gramado<\/strong>, considere levar:<\/p>\n<ul>\n<li><strong>Capa de chuva ou protetor solar:<\/strong> O clima pode ser imprevis\u00edvel, ent\u00e3o \u00e9 ideal estar preparado.<\/li>\n<li><strong>Lanterna:<\/strong> Uma luz pode ser \u00fatil ao retornar ap\u00f3s os shows.<\/li>\n<li><strong>Um cobertor ou canga:<\/strong> Para se sentar confortavelmente no gramado enquanto aprecia os momentos do evento.<\/li>\n<\/ul>\n<p>Com estas sugest\u00f5es, voc\u00ea certamente aproveitar\u00e1 ao m\u00e1ximo a energia contagiante do reggae.<\/p>\n\n<div style=\"font-size: 0px; height: 0px; line-height: 0px; margin: 0; padding: 0; clear: both;\"><\/div>","protected":false},"excerpt":{"rendered":"<p>Reggae no Gramado promete ser um festival vibrante e cheio de energia em Itaquera.<\/p>\n","protected":false},"author":1,"featured_media":11433,"comment_status":"closed","ping_status":"closed","sticky":false,"template":"","format":"standard","meta":{"footnotes":""},"categories":[6],"tags":[],"class_list":["post-11434","post","type-post","status-publish","format-standard","has-post-thumbnail","hentry","category-noticias-itaquera","has_thumb"],"_links":{"self":[{"href":"https:\/\/www.encontraitaquera.com.br\/sobre\/wp-json\/wp\/v2\/posts\/11434","targetHints":{"allow":["GET"]}}],"collection":[{"href":"https:\/\/www.encontraitaquera.com.br\/sobre\/wp-json\/wp\/v2\/posts"}],"about":[{"href":"https:\/\/www.encontraitaquera.com.br\/sobre\/wp-json\/wp\/v2\/types\/post"}],"author":[{"embeddable":true,"href":"https:\/\/www.encontraitaquera.com.br\/sobre\/wp-json\/wp\/v2\/users\/1"}],"replies":[{"embeddable":true,"href":"https:\/\/www.encontraitaquera.com.br\/sobre\/wp-json\/wp\/v2\/comments?post=11434"}],"version-history":[{"count":0,"href":"https:\/\/www.encontraitaquera.com.br\/sobre\/wp-json\/wp\/v2\/posts\/11434\/revisions"}],"wp:featuredmedia":[{"embeddable":true,"href":"https:\/\/www.encontraitaquera.com.br\/sobre\/wp-json\/wp\/v2\/media\/11433"}],"wp:attachment":[{"href":"https:\/\/www.encontraitaquera.com.br\/sobre\/wp-json\/wp\/v2\/media?parent=11434"}],"wp:term":[{"taxonomy":"category","embeddable":true,"href":"https:\/\/www.encontraitaquera.com.br\/sobre\/wp-json\/wp\/v2\/categories?post=11434"},{"taxonomy":"post_tag","embeddable":true,"href":"https:\/\/www.encontraitaquera.com.br\/sobre\/wp-json\/wp\/v2\/tags?post=11434"}],"curies":[{"name":"wp","href":"https:\/\/api.w.org\/{rel}","templated":true}]}}