{"id":11575,"date":"2026-05-26T11:41:45","date_gmt":"2026-05-26T13:41:45","guid":{"rendered":"https:\/\/www.encontraitaquera.com.br\/sobre\/cptm-tera-alteracao-na-circulacao-no-feriado-prolongado-do-dia-do-trabalho\/"},"modified":"2026-05-26T11:41:45","modified_gmt":"2026-05-26T13:41:45","slug":"cptm-tera-alteracao-na-circulacao-no-feriado-prolongado-do-dia-do-trabalho","status":"publish","type":"post","link":"https:\/\/www.encontraitaquera.com.br\/sobre\/cptm-tera-alteracao-na-circulacao-no-feriado-prolongado-do-dia-do-trabalho\/","title":{"rendered":"CPTM ter\u00e1 altera\u00e7\u00e3o na circula\u00e7\u00e3o no feriado prolongado do Dia do Trabalho"},"content":{"rendered":"<div class=\"f6a401da1b960306e8d5ff784b0b5528\" data-index=\"1\" style=\"float: none; margin:0px;\">\n<!-- Anuncio display - global -->\r\n<ins class=\"adsbygoogle\"\r\n     style=\"display:block\"\r\n     data-ad-client=\"ca-pub-8585364105181520\"\r\n     data-ad-slot=\"8789329856\"\r\n     data-ad-format=\"auto\"\r\n     data-full-width-responsive=\"true\"><\/ins>\r\n<script>\r\n     (adsbygoogle = window.adsbygoogle || []).push({});\r\n<\/script>\n<\/div>\n<h2>Altera\u00e7\u00f5es na Circula\u00e7\u00e3o<\/h2>\n<p>Nos pr\u00f3ximos dias, a Companhia Paulista de Trens Metropolitanos (CPTM) implementar\u00e1 modifica\u00e7\u00f5es em seu funcionamento durante o feriado prolongado do Dia do Trabalho. Essas mudan\u00e7as visam a realiza\u00e7\u00e3o de obras essenciais para manuten\u00e7\u00e3o e moderniza\u00e7\u00e3o das linhas. Os passageiros devem estar cientes dos hor\u00e1rios alterados e das linhas afetadas. A expectativa \u00e9 que, ap\u00f3s a conclus\u00e3o das obras, a qualidade do servi\u00e7o oferecido aos usu\u00e1rios melhore significativamente.<\/p>\n<h2>O que Muda na Linha 10-Turquesa<\/h2>\n<p>A Linha 10-Turquesa passar\u00e1 por importantes modifica\u00e7\u00f5es neste feriado. Nos dias 1\u00ba e 3 de maio, os trens operar\u00e3o com intervalos t\u00edpicos de domingos e feriados. Al\u00e9m disso:<\/p>\n<ul>\n<li>Entre 4h e 6h, os trens circular\u00e3o pela plataforma 2 nas esta\u00e7\u00f5es Ribeir\u00e3o Pires e Guapituba devido a manuten\u00e7\u00e3o na rede a\u00e9rea.<\/li>\n<li>No domingo, entre 4h e 6h, ser\u00e1 realizada uma carga de dormentes inserv\u00edveis na esta\u00e7\u00e3o Capuava, e trens n\u00e3o circular\u00e3o entre as esta\u00e7\u00f5es Palmeiras-Barra Funda e Luz das 8h \u00e0s 17h.<\/li>\n<\/ul>\n<h2>Impactos na Linha 11-Coral<\/h2>\n<p>A Linha 11-Coral tamb\u00e9m experimentar\u00e1 ajustes durante o feriado. Este trabalho ser\u00e1 focado na inspe\u00e7\u00e3o e manuten\u00e7\u00e3o, e os passageiros devem observar:<\/p>\n<ul>\n<li>Na sexta-feira, das 14h \u00e0s 18h, e das 23h30 ao final do servi\u00e7o, o embarque e desembarque na esta\u00e7\u00e3o Br\u00e1s ocorrer\u00e3o pela plataforma 4.<\/li>\n<li>Durante o domingo, os trens da Linha 11 circular\u00e3o somente at\u00e9 a esta\u00e7\u00e3o Guaianases entre 4h e 6h, exigindo troca de composi\u00e7\u00e3o para os passageiros que forem continuar a viagem.<\/li>\n<li>Das 8h \u00e0s 20h, a esta\u00e7\u00e3o Suzano operar\u00e1 com embarque na plataforma 3 como parte da moderniza\u00e7\u00e3o nas vias.<\/li>\n<\/ul>\n<h2>Mudan\u00e7as na Linha 12-Safira<\/h2>\n<p>A Linha 12-Safira manter\u00e1 mudan\u00e7as ao longo do feriado. Os eventos principais incluem:<\/p>\n<ul>\n<li>Durante todo o feriado, os trens circular\u00e3o pela plataforma 1 nas esta\u00e7\u00f5es Engenheiro Manoel Feio e Itaquaquecetuba, devido \u00e0 manuten\u00e7\u00e3o na via permanente.<\/li>\n<\/ul>\n<h2>Intervalos Praticados<\/h2>\n<p>Os intervalos de opera\u00e7\u00e3o das linhas ser\u00e3o ajustados para refletir os hor\u00e1rios de domingo e feriado. Isso \u00e9 fundamental para adequar o fluxo de passageiros \u00e0 quantidade de trens dispon\u00edveis e garantir que as obras possam ser realizadas eficientemente. A CPTM recomenda que os usu\u00e1rios planejem suas viagens com anteced\u00eancia para minimizar poss\u00edveis inconvenientes.<\/p>\n<h2>Hor\u00e1rios Especiais da CPTM<\/h2>\n<p>Durante o feriado, os hor\u00e1rios das linhas da CPTM foram alterados para facilitar a realiza\u00e7\u00e3o das obras. \u00c9 essencial que os passageiros verifiquem as atualiza\u00e7\u00f5es para cada linha:<\/p>\n<ul>\n<li><strong>Expresso Aeroporto:<\/strong> Operar\u00e1 com intervalo de 1h durante todo o per\u00edodo devido a interven\u00e7\u00f5es na Linha 11-Coral.<\/li>\n<li>As demais linhas ter\u00e3o hor\u00e1rios adaptados para as obras em curso e seguran\u00e7a dos usu\u00e1rios.<\/li>\n<\/ul>\n<h2>A import\u00e2ncia das obras para os usu\u00e1rios<\/h2>\n<p>As obras que est\u00e3o sendo realizadas t\u00eam como finalidade principal melhorar a qualidade do servi\u00e7o prestado aos usu\u00e1rios da CPTM. A moderniza\u00e7\u00e3o das vias e manuten\u00e7\u00e3o da rede s\u00e3o imprescind\u00edveis para garantir viagens mais seguras e confort\u00e1veis. Os passageiros sentir\u00e3o os benef\u00edcios a longo prazo, com uma redu\u00e7\u00e3o significativa dos atrasos e melhorias na efici\u00eancia dos servi\u00e7os.<\/p>\n<h2>Informa\u00e7\u00f5es Adicionais para Passageiros<\/h2>\n<p>A CPTM est\u00e1 comprometida em manter os passageiros informados sobre as mudan\u00e7as operacionais. Informa\u00e7\u00f5es sobre os hor\u00e1rios e passageiros afetados ser\u00e3o disponibilizadas atrav\u00e9s de avisos nas esta\u00e7\u00f5es, pain\u00e9is eletr\u00f4nicos e por meio das redes sociais da companhia. \u00c9 recomendado que os usu\u00e1rios verifiquem essas atualiza\u00e7\u00f5es antes de viajar.<\/p>\n<h2>Aux\u00edlio Dispon\u00edvel nas Esta\u00e7\u00f5es<\/h2>\n<p>A equipe de colaboradores da CPTM estar\u00e1 presente nas esta\u00e7\u00f5es para auxiliar os passageiros durante o feriado. Para mais informa\u00e7\u00f5es sobre hor\u00e1rios e linhas, os usu\u00e1rios podem entrar em contato com:<\/p>\n<ul>\n<li>Central de Relacionamento: 0800 055 0121<\/li>\n<li>WhatsApp: (11) 99767-7030<\/li>\n<\/ul>\n<h2>Vis\u00e3o Geral Sobre a CPTM<\/h2>\n<p>A Companhia Paulista de Trens Metropolitanos \u00e9 respons\u00e1vel pelo transporte ferrovi\u00e1rio de passageiros em S\u00e3o Paulo, atendendo diariamente cerca de 1,2 milh\u00e3o de pessoas. Com um total de 142 km de extens\u00e3o, as quatro linhas da CPTM conectam a capital paulista a 12 munic\u00edpios ao redor, assegurando a mobilidade de seus moradores. As opera\u00e7\u00f5es da CPTM incluem uma vasta rede de 41 esta\u00e7\u00f5es, refletindo a import\u00e2ncia do transporte ferrovi\u00e1rio como uma alternativa vi\u00e1vel e eficiente para os cidad\u00e3os paulistas.<\/p>\n\n<div style=\"font-size: 0px; height: 0px; line-height: 0px; margin: 0; padding: 0; clear: both;\"><\/div>","protected":false},"excerpt":{"rendered":"<p>CPTM anuncia altera\u00e7\u00f5es na circula\u00e7\u00e3o durante o feriado do Dia do Trabalho em S\u00e3o Paulo.<\/p>\n","protected":false},"author":1,"featured_media":0,"comment_status":"closed","ping_status":"closed","sticky":false,"template":"","format":"standard","meta":{"footnotes":""},"categories":[6],"tags":[],"class_list":["post-11575","post","type-post","status-publish","format-standard","hentry","category-noticias-itaquera"],"_links":{"self":[{"href":"https:\/\/www.encontraitaquera.com.br\/sobre\/wp-json\/wp\/v2\/posts\/11575","targetHints":{"allow":["GET"]}}],"collection":[{"href":"https:\/\/www.encontraitaquera.com.br\/sobre\/wp-json\/wp\/v2\/posts"}],"about":[{"href":"https:\/\/www.encontraitaquera.com.br\/sobre\/wp-json\/wp\/v2\/types\/post"}],"author":[{"embeddable":true,"href":"https:\/\/www.encontraitaquera.com.br\/sobre\/wp-json\/wp\/v2\/users\/1"}],"replies":[{"embeddable":true,"href":"https:\/\/www.encontraitaquera.com.br\/sobre\/wp-json\/wp\/v2\/comments?post=11575"}],"version-history":[{"count":0,"href":"https:\/\/www.encontraitaquera.com.br\/sobre\/wp-json\/wp\/v2\/posts\/11575\/revisions"}],"wp:attachment":[{"href":"https:\/\/www.encontraitaquera.com.br\/sobre\/wp-json\/wp\/v2\/media?parent=11575"}],"wp:term":[{"taxonomy":"category","embeddable":true,"href":"https:\/\/www.encontraitaquera.com.br\/sobre\/wp-json\/wp\/v2\/categories?post=11575"},{"taxonomy":"post_tag","embeddable":true,"href":"https:\/\/www.encontraitaquera.com.br\/sobre\/wp-json\/wp\/v2\/tags?post=11575"}],"curies":[{"name":"wp","href":"https:\/\/api.w.org\/{rel}","templated":true}]}}