{"id":11600,"date":"2026-06-05T12:16:31","date_gmt":"2026-06-05T14:16:31","guid":{"rendered":"https:\/\/www.encontraitaquera.com.br\/sobre\/o-bem-brasil-esta-de-volta\/"},"modified":"2026-06-05T12:16:31","modified_gmt":"2026-06-05T14:16:31","slug":"o-bem-brasil-esta-de-volta","status":"publish","type":"post","link":"https:\/\/www.encontraitaquera.com.br\/sobre\/o-bem-brasil-esta-de-volta\/","title":{"rendered":"O Bem Brasil est\u00e1 de volta!"},"content":{"rendered":"<div class=\"f6a401da1b960306e8d5ff784b0b5528\" data-index=\"1\" style=\"float: none; margin:0px;\">\n<!-- Anuncio display - global -->\r\n<ins class=\"adsbygoogle\"\r\n     style=\"display:block\"\r\n     data-ad-client=\"ca-pub-8585364105181520\"\r\n     data-ad-slot=\"8789329856\"\r\n     data-ad-format=\"auto\"\r\n     data-full-width-responsive=\"true\"><\/ins>\r\n<script>\r\n     (adsbygoogle = window.adsbygoogle || []).push({});\r\n<\/script>\n<\/div>\n<h2>O Retorno do Bem Brasil<\/h2>\n<p>A partir do dia 7 de junho, o <strong>programa Bem Brasil<\/strong> est\u00e1 de volta \u00e0 grade de programa\u00e7\u00e3o da TV Cultura. Com a realiza\u00e7\u00e3o em parceria com o <strong>Sesc S\u00e3o Paulo<\/strong>, as transmiss\u00f5es ocorrer\u00e3o ao vivo do <strong>Sesc Itaquera<\/strong>, um importante centro cultural da zona leste de S\u00e3o Paulo. Essa reintegra\u00e7\u00e3o reafirma o compromisso dessas organiza\u00e7\u00f5es com a democratiza\u00e7\u00e3o do acesso \u00e0 cultura e a promo\u00e7\u00e3o da m\u00fasica brasileira.<\/p>\n<h2>Programa\u00e7\u00e3o Imperd\u00edvel no Sesc Itaquera<\/h2>\n<p>O Bem Brasil contar\u00e1 com uma s\u00e9rie de apresenta\u00e7\u00f5es ao longo de seu retorno, destacando a diversidade musical do Brasil. A primeira estreia ser\u00e1 apresentada por <strong>Carlinhos Brown<\/strong>, que traz o show &#8220;Come\u00e7os de um Encontro&#8221;, uma celebra\u00e7\u00e3o de sua trajet\u00f3ria art\u00edstica, misturando ritmos como ax\u00e9, m\u00fasica popular brasileira (MPB) e outros estilos latinos. O evento tamb\u00e9m conta com m\u00fasicos talentosos ao seu lado, enriquecendo ainda mais a experi\u00eancia do p\u00fablico.<\/p>\n<h2>Como Chegar ao Sesc Itaquera<\/h2>\n<p>Para facilitar o acesso ao Sesc Itaquera, \u00e9 poss\u00edvel chegar utilizando transporte p\u00fablico, que \u00e9 a op\u00e7\u00e3o mais recomendada para evitar o estresse do tr\u00e2nsito. O Sesc est\u00e1 muito bem conectado. Veja algumas orienta\u00e7\u00f5es:<\/p>\n<p><img decoding=\"async\" src=\"https:\/\/www.encontraitaquera.com.br\/sobre\/wp-content\/uploads\/2026\/06\/o-bem-brasil-esta-de-volta.webp\" alt=\"Bem Brasil\" loading=\"lazy\" \/><\/p>\n<ul>\n<li><strong>Da esta\u00e7\u00e3o Corinthians-Itaquera:<\/strong> Ao descer na esta\u00e7\u00e3o terminal, pegue o micro-\u00f4nibus 3796-10, sentido Gleba do P\u00eassego, que faz o trajeto em cerca de 30 minutos. A parada final ser\u00e1 na Av. Fernando do Esp\u00edrito Santo Alves de Mattos, 1000.<\/li>\n<li><strong>Do Terminal Metropolitano S\u00e3o Mateus:<\/strong> Embarque no \u00f4nibus 253F-10 que vai at\u00e9 o terminal A.E. Carvalho, via Sesc Itaquera. Des\u00e7a na mesma avenida mencionada acima.<\/li>\n<li><strong>Acesso alternativo:<\/strong> \u00c9 poss\u00edvel tamb\u00e9m acessar o local pela Portaria 2, caminhando cerca de 1 km a partir do ponto de \u00f4nibus localizado na Av. Aricanduva, 8240.<\/li>\n<\/ul>\n<h2>Dicas para Aproveitar os Shows<\/h2>\n<p>Para garantir a melhor experi\u00eancia nos shows do Bem Brasil, considere algumas dicas \u00fateis:<\/p>\n<ul>\n<li><strong>Chegue com tranquilidade:<\/strong> Utilize o transporte p\u00fablico para evitar problemas de estacionar e tr\u00e2nsito. O Sesc Itaquera est\u00e1 bem acess\u00edvel por \u00f4nibus e metr\u00f4.<\/li>\n<li><strong>Chegou de carro ou moto?<\/strong> Fique atento \u00e0s vagas, que s\u00e3o limitadas. Temos estacionamento para carros e motos, mas n\u00e3o realizamos guarda de capacetes.<\/li>\n<li><strong>Leve lanches e \u00e1gua:<\/strong> Devido \u00e0 grande quantidade de p\u00fablico, e poss\u00edveis filas, \u00e9 aconselh\u00e1vel trazer lanches leves e uma garrafa de \u00e1gua. Existem bebedouros pela unidade para se hidratar.<\/li>\n<li><strong>Observe o clima:<\/strong> O show acontece em um espa\u00e7o aberto, por isso, verifique a previs\u00e3o do tempo e prepare-se com capa de chuva ou protetor solar.<\/li>\n<li><strong>Hor\u00e1rio de funcionamento:<\/strong> O Sesc Itaquera abre das 9h \u00e0s 17h, de quarta a domingo, e em feriados.<\/li>\n<\/ul>\n<h2>Facilidades para o P\u00fablico<\/h2>\n<p>O Sesc Itaquera oferece v\u00e1rias facilidades para tornar a visita mais agrad\u00e1vel:<\/p>\n<ul>\n<li><strong>Entrada gratuita:<\/strong> Todos os shows do Bem Brasil s\u00e3o gratuitos e n\u00e3o \u00e9 necess\u00e1rio retirar ingressos.<\/li>\n<li><strong>Registro de imagem:<\/strong> Ao participar, esteja ciente de que a sua imagem pode ser filmada e transmitida pela TV. A presen\u00e7a no evento implica em concordar com isso.<\/li>\n<\/ul>\n<h2>Quem se Apresenta no Bem Brasil?<\/h2>\n<p>Ap\u00f3s a apresenta\u00e7\u00e3o inaugural de Carlinhos Brown, outras atra\u00e7\u00f5es est\u00e3o programadas, proporcionando uma diversidade de estilos e artistas renomados. As edi\u00e7\u00f5es anteriores do programa j\u00e1 contaram com artistas como Teresa Cristina e Tha\u00edde, demonstrando a relev\u00e2ncia e a variedade das apresenta\u00e7\u00f5es no Bem Brasil.<\/p>\n<h2>Import\u00e2ncia da Cultura Brasileira<\/h2>\n<p>O Bem Brasil \u00e9 mais do que um programa de entretenimento; \u00e9 um espa\u00e7o dedicado \u00e0 promo\u00e7\u00e3o da cultura brasileira. A m\u00fasica desempenha um papel essencial na forma\u00e7\u00e3o da identidade nacional, e iniciativas como esta ajudam na valoriza\u00e7\u00e3o e preserva\u00e7\u00e3o da rica diversidade musical do pa\u00eds.<\/p>\n<h2>O Compromisso do Sesc com a M\u00fasica<\/h2>\n<p>O Sesc sempre procurou ampliar o acesso \u00e0 cultura e \u00e0 m\u00fasica, sendo um aliado na forma\u00e7\u00e3o de plateias e na valoriza\u00e7\u00e3o dos artistas brasileiros. Atrav\u00e9s de eventos como o Bem Brasil, essa miss\u00e3o se fortalece, promovendo n\u00e3o apenas a m\u00fasica, mas tamb\u00e9m o encontro e a conviv\u00eancia entre diferentes culturas musicais.<\/p>\n<h2>Atra\u00e7\u00f5es ao Vivo Todo Domingo<\/h2>\n<p>Os shows ocorrer\u00e3o aos domingos, sempre ao meio-dia, no Palco da Orquestra M\u00e1gica do Sesc Itaquera. Essa programa\u00e7\u00e3o regular garante que todos tenham a oportunidade de vivenciar a m\u00fasica brasileira ao vivo, celebrando a cultura nacional.<\/p>\n<h2>Hist\u00f3ria do Bem Brasil no Sesc<\/h2>\n<p>Desde suas edi\u00e7\u00f5es anteriores, o Bem Brasil se consolidou como um importante projeto cultural, levando shows e festivais a diversas localidades. A colabora\u00e7\u00e3o entre Sesc e TV Cultura j\u00e1 resultou em momentos memor\u00e1veis e continua a tradi\u00e7\u00e3o de promover a m\u00fasica brasileira em um espa\u00e7o acess\u00edvel a todos.<\/p>\n\n<div style=\"font-size: 0px; height: 0px; line-height: 0px; margin: 0; padding: 0; clear: both;\"><\/div>","protected":false},"excerpt":{"rendered":"<p>O Bem Brasil est\u00e1 de volta! Venha conhecer sua nova fase cheia de m\u00fasica e cultura.<\/p>\n","protected":false},"author":1,"featured_media":11599,"comment_status":"closed","ping_status":"closed","sticky":false,"template":"","format":"standard","meta":{"footnotes":""},"categories":[6],"tags":[],"class_list":["post-11600","post","type-post","status-publish","format-standard","has-post-thumbnail","hentry","category-noticias-itaquera","has_thumb"],"_links":{"self":[{"href":"https:\/\/www.encontraitaquera.com.br\/sobre\/wp-json\/wp\/v2\/posts\/11600","targetHints":{"allow":["GET"]}}],"collection":[{"href":"https:\/\/www.encontraitaquera.com.br\/sobre\/wp-json\/wp\/v2\/posts"}],"about":[{"href":"https:\/\/www.encontraitaquera.com.br\/sobre\/wp-json\/wp\/v2\/types\/post"}],"author":[{"embeddable":true,"href":"https:\/\/www.encontraitaquera.com.br\/sobre\/wp-json\/wp\/v2\/users\/1"}],"replies":[{"embeddable":true,"href":"https:\/\/www.encontraitaquera.com.br\/sobre\/wp-json\/wp\/v2\/comments?post=11600"}],"version-history":[{"count":0,"href":"https:\/\/www.encontraitaquera.com.br\/sobre\/wp-json\/wp\/v2\/posts\/11600\/revisions"}],"wp:featuredmedia":[{"embeddable":true,"href":"https:\/\/www.encontraitaquera.com.br\/sobre\/wp-json\/wp\/v2\/media\/11599"}],"wp:attachment":[{"href":"https:\/\/www.encontraitaquera.com.br\/sobre\/wp-json\/wp\/v2\/media?parent=11600"}],"wp:term":[{"taxonomy":"category","embeddable":true,"href":"https:\/\/www.encontraitaquera.com.br\/sobre\/wp-json\/wp\/v2\/categories?post=11600"},{"taxonomy":"post_tag","embeddable":true,"href":"https:\/\/www.encontraitaquera.com.br\/sobre\/wp-json\/wp\/v2\/tags?post=11600"}],"curies":[{"name":"wp","href":"https:\/\/api.w.org\/{rel}","templated":true}]}}