{"id":11604,"date":"2026-06-06T12:28:14","date_gmt":"2026-06-06T14:28:14","guid":{"rendered":"https:\/\/www.encontraitaquera.com.br\/sobre\/praca-brasil-em-itaquera-tera-festa-junina-a-partir-desta-quinta-4\/"},"modified":"2026-06-06T12:28:14","modified_gmt":"2026-06-06T14:28:14","slug":"praca-brasil-em-itaquera-tera-festa-junina-a-partir-desta-quinta-4","status":"publish","type":"post","link":"https:\/\/www.encontraitaquera.com.br\/sobre\/praca-brasil-em-itaquera-tera-festa-junina-a-partir-desta-quinta-4\/","title":{"rendered":"Pra\u00e7a Brasil em Itaquera ter\u00e1 festa junina \u00e0 partir desta quinta (4)"},"content":{"rendered":"<div class=\"f6a401da1b960306e8d5ff784b0b5528\" data-index=\"1\" style=\"float: none; margin:0px;\">\n<!-- Anuncio display - global -->\r\n<ins class=\"adsbygoogle\"\r\n     style=\"display:block\"\r\n     data-ad-client=\"ca-pub-8585364105181520\"\r\n     data-ad-slot=\"8789329856\"\r\n     data-ad-format=\"auto\"\r\n     data-full-width-responsive=\"true\"><\/ins>\r\n<script>\r\n     (adsbygoogle = window.adsbygoogle || []).push({});\r\n<\/script>\n<\/div>\n<h2>Data e Local da Festa Junina<\/h2>\n<p>A Festa Junina acontecer\u00e1 de <strong>4 a 7 de junho<\/strong>, entre <strong>12h e 22h<\/strong>, e ser\u00e1 realizada na <strong>Pra\u00e7a Brasil<\/strong>, localizada no <strong>cohab 2 em Itaquera<\/strong>, S\u00e3o Paulo. Esse evento anual \u00e9 uma celebra\u00e7\u00e3o muito esperada pela comunidade local, reunindo fam\u00edlias e amigos para desfrutar de momentos alegres e aconchegantes.<\/p>\n<h2>O que Esperar da Programa\u00e7\u00e3o<\/h2>\n<p>Os visitantes podem esperar uma programa\u00e7\u00e3o diversificada e repleta de atra\u00e7\u00f5es totalmente gratuitas. A festa contar\u00e1 com atividades que garantem entretenimento para todas as idades. Apresenta\u00e7\u00f5es musicais ao vivo, quadrilhas, e diversas brincadeiras fazem parte da agenda, promovendo um ambiente festivo e acolhedor.<\/p>\n<h2>Atra\u00e7\u00f5es Musicais Confirmadas<\/h2>\n<p>Entre as atra\u00e7\u00f5es musicais confirmadas para o evento, encontram-se artistas locais e grupos de forr\u00f3, que prometem animar as noites com ritmos t\u00edpicos das festividades juninas. O som contagiante e as dan\u00e7as costumam atrair um grande p\u00fablico, tornando a festa ainda mais vibrante e animada.<\/p>\n<p><img decoding=\"async\" src=\"https:\/\/www.encontraitaquera.com.br\/sobre\/wp-content\/uploads\/2026\/06\/praca-brasil-em-itaquera-tera-festa-junina-a-partir-desta-quinta-4.webp\" alt=\"Festa Junina Pra\u00e7a Brasil Itaquera\" loading=\"lazy\" \/><\/p>\n<h2>Comidas T\u00edpicas da Festa<\/h2>\n<p>N\u00e3o h\u00e1 Festa Junina sem uma deliciosa variedade de comidas t\u00edpicas! Os participantes poder\u00e3o degustar pratos tradicionais como:<\/p>\n<ul>\n<li><strong>Pipoca:<\/strong> A cl\u00e1ssica op\u00e7\u00e3o de petisco.<\/li>\n<li><strong>Canjica:<\/strong> Feita com milho e leite, ado\u00e7ada com a\u00e7\u00facar e canela.<\/li>\n<li><strong>Pamonha:<\/strong> Outra del\u00edcia feita com milho, que pode ser doce ou salgada.<\/li>\n<li><strong>Bolo de Milho:<\/strong> Um item irresist\u00edvel, assado e saboroso.<\/li>\n<li><strong>Cuscuz:<\/strong> Uma iguaria bem apropriada para o clima da festa.<\/li>\n<\/ul>\n<h2>Barracas de Alimenta\u00e7\u00e3o e Bebidas<\/h2>\n<p>Durante o evento, mais de <strong>30 barracas<\/strong> estar\u00e3o \u00e0 disposi\u00e7\u00e3o, oferecendo uma gama de op\u00e7\u00f5es de alimenta\u00e7\u00e3o. Desde comidas quentes a bebidas refrescantes, o p\u00fablico ter\u00e1 um leque diversificado para escolher e satisfazer todos os gostos, garantindo que ningu\u00e9m fique com fome!<\/p>\n<h2>Atividades para as Crian\u00e7as<\/h2>\n<p>As fam\u00edlias com crian\u00e7as tamb\u00e9m poder\u00e3o aproveitar! O evento contar\u00e1 com uma s\u00e9rie de atividades voltadas para os pequenos, como:<br \/> &#8211; Sess\u00f5es de conta\u00e7\u00e3o de hist\u00f3rias;<br \/> &#8211; Brincadeiras tradicionais;<br \/> &#8211; Pintura facial e muito mais!<\/p>\n<h2>Import\u00e2ncia da Festa para a Comunidade<\/h2>\n<p>A festa n\u00e3o \u00e9 apenas um momento de divers\u00e3o, mas tamb\u00e9m um evento com um car\u00e1ter <strong>beneficente<\/strong>. Organizada pelas par\u00f3quias locais, ela busca fomentar a uni\u00e3o comunit\u00e1ria, al\u00e9m de arrecadar fundos que ser\u00e3o revertidos para causas sociais, fortalecendo os la\u00e7os entre os habitantes de Itaquera.<\/p>\n<h2>Como Chegar \u00e0 Pra\u00e7a Brasil<\/h2>\n<p>Para quem deseja participar, a Pra\u00e7a Brasil \u00e9 de f\u00e1cil acesso. As op\u00e7\u00f5es de transporte incluem:<\/p>\n<ul>\n<li><strong>Metr\u00f4:<\/strong> A esta\u00e7\u00e3o mais pr\u00f3xima \u00e9 a Itaquera, a poucos minutos da pra\u00e7a.<\/li>\n<li><strong>\u00d4nibus:<\/strong> Diversas linhas atendem a regi\u00e3o e param nas imedia\u00e7\u00f5es da festa.<\/li>\n<li><strong>Carro:<\/strong> H\u00e1 estacionamentos dispon\u00edveis nas proximidades, permitindo f\u00e1cil acesso para quem vai de carro.<\/li>\n<\/ul>\n<h2>Dicas de Seguran\u00e7a Durante o Evento<\/h2>\n<p>Como em qualquer grande evento, \u00e9 importante que os visitantes fiquem atentos a algumas dicas de seguran\u00e7a:<\/p>\n<ul>\n<li><strong>Evite aglomera\u00e7\u00f5es:<\/strong> Mantenha sempre uma dist\u00e2ncia saud\u00e1vel de multid\u00f5es. <\/li>\n<li><strong>Atente-se aos pertences:<\/strong> Fique de olho em seus objetos pessoais para evitar furtos.<\/li>\n<li><strong>Tenha um ponto de encontro:<\/strong> Combine um local para se encontrar com seus acompanhantes caso algu\u00e9m se perca.<\/li>\n<\/ul>\n<h2>Depoimentos de Participantes Anteriores<\/h2>\n<p>De acordo com as opini\u00f5es de quem j\u00e1 participou de edi\u00e7\u00f5es anteriores da festa, a experi\u00eancia \u00e9 sempre muito positiva. Os visitantes destacam a variedade de atra\u00e7\u00f5es, a qualidade das comidas e a atmosfera acolhedora do evento:<\/p>\n<ul>\n<li>&#8220;A festa \u00e9 uma \u00f3tima oportunidade para reunir a fam\u00edlia e amigos!&#8221; &#8211; Maria, frequentadora ass\u00eddua.<\/li>\n<li>&#8220;Adoro as comidas t\u00edpicas, principalmente a canjica!&#8221; &#8211; Jo\u00e3o, um amante da gastronomia junina.<\/li>\n<li>&#8220;\u00c9 impressionante como a festa une a comunidade e diversifica as atividades!&#8221; &#8211; Ana, moradora da regi\u00e3o.<\/li>\n<\/ul>\n<p>Com toda essa programa\u00e7\u00e3o, divers\u00e3o garantida e a oportunidade de ajudar a comunidade, a Festa Junina da Pra\u00e7a Brasil promete ser um evento inesquec\u00edvel. N\u00e3o perca a chance de participar dessa festividade e aproveitar momentos especiais com quem voc\u00ea ama!<\/p>\n\n<div style=\"font-size: 0px; height: 0px; line-height: 0px; margin: 0; padding: 0; clear: both;\"><\/div>","protected":false},"excerpt":{"rendered":"<p>Festa Junina na Pra\u00e7a Brasil em Itaquera promete divers\u00e3o, comida e shows gratuitos para toda a fam\u00edlia.<\/p>\n","protected":false},"author":1,"featured_media":11603,"comment_status":"closed","ping_status":"closed","sticky":false,"template":"","format":"standard","meta":{"footnotes":""},"categories":[6],"tags":[],"class_list":["post-11604","post","type-post","status-publish","format-standard","has-post-thumbnail","hentry","category-noticias-itaquera","has_thumb"],"_links":{"self":[{"href":"https:\/\/www.encontraitaquera.com.br\/sobre\/wp-json\/wp\/v2\/posts\/11604","targetHints":{"allow":["GET"]}}],"collection":[{"href":"https:\/\/www.encontraitaquera.com.br\/sobre\/wp-json\/wp\/v2\/posts"}],"about":[{"href":"https:\/\/www.encontraitaquera.com.br\/sobre\/wp-json\/wp\/v2\/types\/post"}],"author":[{"embeddable":true,"href":"https:\/\/www.encontraitaquera.com.br\/sobre\/wp-json\/wp\/v2\/users\/1"}],"replies":[{"embeddable":true,"href":"https:\/\/www.encontraitaquera.com.br\/sobre\/wp-json\/wp\/v2\/comments?post=11604"}],"version-history":[{"count":0,"href":"https:\/\/www.encontraitaquera.com.br\/sobre\/wp-json\/wp\/v2\/posts\/11604\/revisions"}],"wp:featuredmedia":[{"embeddable":true,"href":"https:\/\/www.encontraitaquera.com.br\/sobre\/wp-json\/wp\/v2\/media\/11603"}],"wp:attachment":[{"href":"https:\/\/www.encontraitaquera.com.br\/sobre\/wp-json\/wp\/v2\/media?parent=11604"}],"wp:term":[{"taxonomy":"category","embeddable":true,"href":"https:\/\/www.encontraitaquera.com.br\/sobre\/wp-json\/wp\/v2\/categories?post=11604"},{"taxonomy":"post_tag","embeddable":true,"href":"https:\/\/www.encontraitaquera.com.br\/sobre\/wp-json\/wp\/v2\/tags?post=11604"}],"curies":[{"name":"wp","href":"https:\/\/api.w.org\/{rel}","templated":true}]}}