{"id":11606,"date":"2026-06-10T11:54:23","date_gmt":"2026-06-10T13:54:23","guid":{"rendered":"https:\/\/www.encontraitaquera.com.br\/sobre\/virada-cultural-2026-confira-a-programacao-completa-do-sesc\/"},"modified":"2026-06-10T11:54:23","modified_gmt":"2026-06-10T13:54:23","slug":"virada-cultural-2026-confira-a-programacao-completa-do-sesc","status":"publish","type":"post","link":"https:\/\/www.encontraitaquera.com.br\/sobre\/virada-cultural-2026-confira-a-programacao-completa-do-sesc\/","title":{"rendered":"Virada Cultural 2026: confira a programa\u00e7\u00e3o completa do Sesc"},"content":{"rendered":"<div class=\"f6a401da1b960306e8d5ff784b0b5528\" data-index=\"1\" style=\"float: none; margin:0px;\">\n<!-- Anuncio display - global -->\r\n<ins class=\"adsbygoogle\"\r\n     style=\"display:block\"\r\n     data-ad-client=\"ca-pub-8585364105181520\"\r\n     data-ad-slot=\"8789329856\"\r\n     data-ad-format=\"auto\"\r\n     data-full-width-responsive=\"true\"><\/ins>\r\n<script>\r\n     (adsbygoogle = window.adsbygoogle || []).push({});\r\n<\/script>\n<\/div>\n<h2>Datas e Locais da Virada Cultural<\/h2>\n<p>A <strong>Virada Cultural 2026<\/strong> acontecer\u00e1 em S\u00e3o Paulo nos dias <strong>23 e 24 de maio<\/strong>, promovendo um evento repleto de experi\u00eancias art\u00edsticas por toda a capital. As atividades ocorrem em diversos locais, abrangendo diferentes bairros e utilizando espa\u00e7os p\u00fablicos e unidades do <strong>Sesc<\/strong>, garantindo que a cultura seja acess\u00edvel a todos os cidad\u00e3os.<\/p>\n<h2>Principais Atra\u00e7\u00f5es do Sesc<\/h2>\n<p>O <strong>Sesc<\/strong> ter\u00e1 um papel central na programa\u00e7\u00e3o, com uma extensa variedade de atra\u00e7\u00f5es em quase todas as suas unidades. Entre as principais atra\u00e7\u00f5es est\u00e3o nomes renomados da m\u00fasica, teatro e artes visuais, al\u00e9m de mostras de filmes que ser\u00e3o exibidos no <strong>CineSesc<\/strong>. A maioria das atividades ser\u00e1 gratuita ou oferecer\u00e1 pre\u00e7os reduzidos para os associados, permitindo que um amplo p\u00fablico possa participar.<\/p>\n<h2>Atividades Gratuitas<\/h2>\n<p>Um dos grandes destaques da Virada Cultural \u00e9 a oferta de atividades sem custo, permitindo que todos tenham a chance de vivenciar a cultura. Cada unidade do Sesc programou eventos com entrada gratuita, abrangendo diversas linguagens art\u00edsticas, desde m\u00fasica at\u00e9 artesanato e exposi\u00e7\u00f5es. Num esfor\u00e7o para democratizar o acesso \u00e0 cultura, a maioria das ofertas ser\u00e3o acess\u00edveis a todos os interessados.<\/p>\n<p><img decoding=\"async\" src=\"https:\/\/www.encontraitaquera.com.br\/sobre\/wp-content\/uploads\/2026\/06\/virada-cultural-2026-confira-a-programacao-completa-do-sesc.webp\" alt=\"\" loading=\"lazy\" \/><\/p>\n<h2>Oficinas e Exposi\u00e7\u00f5es<\/h2>\n<p>Al\u00e9m das apresenta\u00e7\u00f5es art\u00edsticas, a Virada Cultural incluir\u00e1 uma s\u00e9rie de oficinas e exposi\u00e7\u00f5es. As unidades do Sesc estar\u00e3o repletas de oportunidades para o p\u00fablico interagir e se envolver com a arte. Isso inclui oficinas de teatro, dan\u00e7a, e atividades l\u00fadicas voltadas para crian\u00e7as e adultos, criando um ambiente de aprendizado e conviv\u00eancia cultural.<\/p>\n<h2>Atra\u00e7\u00f5es Musicais Imperd\u00edveis<\/h2>\n<p>Entre as programa\u00e7\u00f5es musicais, a Virada Cultural contar\u00e1 com artistas de diversos g\u00eaneros, garantindo um lineup ecl\u00e9tico que atender\u00e1 a todos os gostos. Desde o samba at\u00e9 o rock, a proposta \u00e9 oferecer um verdadeiro festival sonoro com performances ao vivo em v\u00e1rias pra\u00e7as e cidades, al\u00e9m de shows destacando talentos emergentes e artistas famosos.<\/p>\n<h2>Cinema e Artes Visuais<\/h2>\n<p>O <strong>CineSesc<\/strong> n\u00e3o ficar\u00e1 de fora dessa celebra\u00e7\u00e3o cultural, apresentando uma sele\u00e7\u00e3o especial de filmes que retratam a identidade brasileira e a diversidade cultural do pa\u00eds. Haver\u00e1 exibi\u00e7\u00f5es ao ar livre e debates com cineastas, proporcionando uma experi\u00eancia enriquecedora para os amantes da s\u00e9tima arte.<\/p>\n<h2>Interatividade e Participa\u00e7\u00e3o do P\u00fablico<\/h2>\n<p>A intera\u00e7\u00e3o ser\u00e1 um dos pilares da Virada Cultural, com atividades que incentivam o p\u00fablico a fazer parte do evento. Haver\u00e1 espa\u00e7os para que visitantes possam se expressar artisticamente, como murais comunit\u00e1rios e apresenta\u00e7\u00f5es abertas, onde qualquer um pode mostrar seu talento. Essa participa\u00e7\u00e3o ativa fortalecer\u00e1 o sentido de comunidade e colabora\u00e7\u00e3o entre os cidad\u00e3os.<\/p>\n<h2>Dicas para Aproveitar a Virada<\/h2>\n<p>Para garantir que voc\u00ea aproveite ao m\u00e1ximo a Virada Cultural, considere algumas dicas:<\/p>\n<ul>\n<li><strong>Planeje-se:<\/strong> Consulte a programa\u00e7\u00e3o antecipadamente e destaque os eventos que voc\u00ea mais deseja assistir.<\/li>\n<li><strong>Chegue Cedo:<\/strong> As programa\u00e7\u00f5es tendem a ser cheias, ent\u00e3o chegar cedo garantir\u00e1 um bom lugar nas apresenta\u00e7\u00f5es.<\/li>\n<li><strong>Utilize Transporte P\u00fablico:<\/strong> S\u00e3o Paulo tem um tr\u00e2nsito desafiador, e usar o transporte p\u00fablico pode facilitar sua locomo\u00e7\u00e3o.<\/li>\n<li><strong>Explore Diferentes Locais:<\/strong> N\u00e3o se limite a um \u00fanico espa\u00e7o; explore as v\u00e1rias unidades do Sesc e locais diferentes para uma experi\u00eancia completa.<\/li>\n<li><strong>Participe das Atividades Interativas:<\/strong> Envolva-se em oficinas e palestras para enriquecer sua experi\u00eancia cultural.<\/li>\n<\/ul>\n<h2>Import\u00e2ncia da Virada Cultural<\/h2>\n<p>A Virada Cultural \u00e9 um evento significativo n\u00e3o apenas para S\u00e3o Paulo, mas para todo o Brasil, pois destaca a riqueza da cultura local e promove acesso \u00e0 arte de forma ampla. Este festival sublinha a import\u00e2ncia da cultura na vida coletiva, contribuindo para o fortalecimento da identidade cultural e da inclus\u00e3o social. Atrav\u00e9s da oferta de eventos gratuitos e de baixa barreira de entrada, a Virada d\u00e1 espa\u00e7o para talentos diversos e novas vozes emergirem.<\/p>\n<h2>Expectativas para o Evento<\/h2>\n<p>Com a aproxima\u00e7\u00e3o da <strong>Virada Cultural 2026<\/strong>, as expectativas s\u00e3o elevadas. O evento promete ser um dos maiores da sua hist\u00f3ria, com uma programa\u00e7\u00e3o diversificada e a presen\u00e7a de grandes nomes da m\u00fasica e das artes. A ideia \u00e9 n\u00e3o s\u00f3 entreter, mas tamb\u00e9m educar e inspirar as pessoas a se envolverem mais com a cultura e suas express\u00f5es. A cidade de S\u00e3o Paulo se tornar\u00e1 um verdadeiro palco de celebra\u00e7\u00e3o, uni\u00e3o e express\u00e3o art\u00edstica.<\/p>\n\n<div style=\"font-size: 0px; height: 0px; line-height: 0px; margin: 0; padding: 0; clear: both;\"><\/div>","protected":false},"excerpt":{"rendered":"<p>Virada Cultural 2026 traz atra\u00e7\u00f5es imperd\u00edveis, confira a programa\u00e7\u00e3o do Sesc!<\/p>\n","protected":false},"author":1,"featured_media":11605,"comment_status":"closed","ping_status":"closed","sticky":false,"template":"","format":"standard","meta":{"footnotes":""},"categories":[6],"tags":[],"class_list":["post-11606","post","type-post","status-publish","format-standard","has-post-thumbnail","hentry","category-noticias-itaquera","has_thumb"],"_links":{"self":[{"href":"https:\/\/www.encontraitaquera.com.br\/sobre\/wp-json\/wp\/v2\/posts\/11606","targetHints":{"allow":["GET"]}}],"collection":[{"href":"https:\/\/www.encontraitaquera.com.br\/sobre\/wp-json\/wp\/v2\/posts"}],"about":[{"href":"https:\/\/www.encontraitaquera.com.br\/sobre\/wp-json\/wp\/v2\/types\/post"}],"author":[{"embeddable":true,"href":"https:\/\/www.encontraitaquera.com.br\/sobre\/wp-json\/wp\/v2\/users\/1"}],"replies":[{"embeddable":true,"href":"https:\/\/www.encontraitaquera.com.br\/sobre\/wp-json\/wp\/v2\/comments?post=11606"}],"version-history":[{"count":0,"href":"https:\/\/www.encontraitaquera.com.br\/sobre\/wp-json\/wp\/v2\/posts\/11606\/revisions"}],"wp:featuredmedia":[{"embeddable":true,"href":"https:\/\/www.encontraitaquera.com.br\/sobre\/wp-json\/wp\/v2\/media\/11605"}],"wp:attachment":[{"href":"https:\/\/www.encontraitaquera.com.br\/sobre\/wp-json\/wp\/v2\/media?parent=11606"}],"wp:term":[{"taxonomy":"category","embeddable":true,"href":"https:\/\/www.encontraitaquera.com.br\/sobre\/wp-json\/wp\/v2\/categories?post=11606"},{"taxonomy":"post_tag","embeddable":true,"href":"https:\/\/www.encontraitaquera.com.br\/sobre\/wp-json\/wp\/v2\/tags?post=11606"}],"curies":[{"name":"wp","href":"https:\/\/api.w.org\/{rel}","templated":true}]}}