{"id":11618,"date":"2026-06-13T12:29:27","date_gmt":"2026-06-13T14:29:27","guid":{"rendered":"https:\/\/www.encontraitaquera.com.br\/sobre\/bem-brasil-recebe-sandra-sa-neste-domingo-14-que-canta-grandes-sucessos-de-sua-carreira\/"},"modified":"2026-06-13T12:29:27","modified_gmt":"2026-06-13T14:29:27","slug":"bem-brasil-recebe-sandra-sa-neste-domingo-14-que-canta-grandes-sucessos-de-sua-carreira","status":"publish","type":"post","link":"https:\/\/www.encontraitaquera.com.br\/sobre\/bem-brasil-recebe-sandra-sa-neste-domingo-14-que-canta-grandes-sucessos-de-sua-carreira\/","title":{"rendered":"Bem Brasil recebe Sandra S\u00e1 neste domingo (14), que canta grandes sucessos de sua carreira"},"content":{"rendered":"<div class=\"f6a401da1b960306e8d5ff784b0b5528\" data-index=\"1\" style=\"float: none; margin:0px;\">\n<!-- Anuncio display - global -->\r\n<ins class=\"adsbygoogle\"\r\n     style=\"display:block\"\r\n     data-ad-client=\"ca-pub-8585364105181520\"\r\n     data-ad-slot=\"8789329856\"\r\n     data-ad-format=\"auto\"\r\n     data-full-width-responsive=\"true\"><\/ins>\r\n<script>\r\n     (adsbygoogle = window.adsbygoogle || []).push({});\r\n<\/script>\n<\/div>\n<h2>A Carreira de Sandra S\u00e1<\/h2>\n<p>A cantora <strong>Sandra S\u00e1<\/strong>, conhecida por sua voz potente e versatilidade musical, construiu uma carreira s\u00f3lida que se estende por mais de quatro d\u00e9cadas. Desde o in\u00edcio de sua trajet\u00f3ria, ela se destacou por sua habilidade de misturar diferentes estilos musicais, como MPB, soul, samba, funk e pop, unindo experi\u00eancias sonoras que ressoam com o p\u00fablico de v\u00e1rias gera\u00e7\u00f5es. A consagra\u00e7\u00e3o de Sandra se deve n\u00e3o apenas \u00e0 sua habilidade vocal, mas tamb\u00e9m \u00e0 sua capacidade de se conectar com os ouvintes por meio de letras que refletem experi\u00eancias e emo\u00e7\u00f5es universais.<\/p>\n<h2>O Que Esperar do Show de Domingo<\/h2>\n<p>No pr\u00f3ximo domingo (14), Sandra S\u00e1 \u00e9 a atra\u00e7\u00e3o principal do programa <strong>Bem Brasil<\/strong>, que ser\u00e1 transmitido ao vivo pela <strong>TV Cultura<\/strong> diretamente do <strong>Sesc Itaquera<\/strong>, em S\u00e3o Paulo. Durante a apresenta\u00e7\u00e3o, a artista interpretar\u00e1 uma s\u00e9rie de sucessos que marcaram sua carreira, incluindo m\u00fasicas como \u201cRetratos e Can\u00e7\u00f5es\u201d, \u201cJoga Fora\u201d, \u201cBye Bye Tristeza\u201d e \u201cOlhos Coloridos\u201d. Os f\u00e3s podem esperar um show recheado de energia e emo\u00e7\u00e3o.<\/p>\n<h2>O Que Faz de Bem Brasil um Programa \u00danico<\/h2>\n<p>O <strong>Bem Brasil<\/strong> \u00e9 reconhecido como um dos principais programas de m\u00fasica na televis\u00e3o p\u00fablica brasileira. Seu retorno \u00e0 <strong>TV Cultura<\/strong> ap\u00f3s 18 anos foi um marco significativo, promovendo uma parceria com o Sesc S\u00e3o Paulo que visa resgatar a ess\u00eancia de shows ao vivo com um p\u00fablico ativo. Sob a apresenta\u00e7\u00e3o de <strong>Wandi Doratiotto<\/strong> e a participa\u00e7\u00e3o de <strong>Roberta Martinelli<\/strong>, o programa se destaca por representar a diversidade da m\u00fasica nacional e proporcionar uma plataforma para artistas emergentes e consagrados.<\/p>\n<p><img decoding=\"async\" src=\"https:\/\/www.encontraitaquera.com.br\/sobre\/wp-content\/uploads\/2026\/06\/bem-brasil-recebe-sandra-sa-neste-domingo-14-que-canta-grandes-sucessos-de-sua-carreira.webp\" alt=\"Sandra S\u00e1\" loading=\"lazy\" \/><\/p>\n<h2>Sandu\u00edche Musical: Sucessos de Diversos G\u00eaneros<\/h2>\n<p>A proposta do <strong>Bem Brasil<\/strong> \u00e9 agradar a todos os gostos musicais, criando um verdadeiro &#8220;sandu\u00edche musical&#8221; recheado com ritmos variados. Sandra S\u00e1, ao subir ao palco, traz consigo o melhor de sua trajet\u00f3ria, incorporando elementos de diferentes g\u00eaneros e recriando suas m\u00fasicas em performances que prometem surpreender seus f\u00e3s. As apresenta\u00e7\u00f5es celebram a riqueza e a pluralidade da m\u00fasica brasileira, atraindo amantes de todos os estilos.<\/p>\n<h2>Intera\u00e7\u00e3o com o P\u00fablico: O Papel de Roberta Martinelli<\/h2>\n<p>Uma das caracter\u00edsticas marcantes do programa \u00e9 a intera\u00e7\u00e3o com o p\u00fablico, que \u00e9 potencializada pela presen\u00e7a da jornalista <strong>Roberta Martinelli<\/strong>. Ela desempenha um papel fundamental ao conectar os espectadores presentes no Sesc Itaquera com as apresenta\u00e7\u00f5es, criando um ambiente mais acolhedor e participativo. Sua habilidade em envolver a plateia faz do <strong>Bem Brasil<\/strong> uma experi\u00eancia ainda mais rica e din\u00e2mica, permitindo que os f\u00e3s se sintam parte do espet\u00e1culo.<\/p>\n<h2>A Import\u00e2ncia da M\u00fasica Brasileira na Televis\u00e3o<\/h2>\n<p>A m\u00fasica brasileira ocupa um espa\u00e7o importante na televis\u00e3o, servindo como um meio valioso para promover a cultura e a identidade nacional. Programas como o <strong>Bem Brasil<\/strong> desempenham um papel crucial ao oferecer um espa\u00e7o para que artistas de diferentes contextos possam se apresentar. Isso n\u00e3o apenas enriquece a programa\u00e7\u00e3o da TV p\u00fablica, mas tamb\u00e9m contribui para a democratiza\u00e7\u00e3o do acesso \u00e0 m\u00fasica.<\/p>\n<h2>Como Obter Ingressos para o Sesc Itaquera<\/h2>\n<p>Os interessados em assistir ao show de Sandra S\u00e1 ao vivo podem se dirigir ao <strong>Sesc Itaquera<\/strong>, onde a entrada ser\u00e1 gratuita. N\u00e3o h\u00e1 necessidade de compra antecipada de ingressos, mas recomenda-se que o p\u00fablico chegue cedo para garantir um bom lugar. Essa acessibilidade \u00e9 parte do compromisso do Sesc em tornar a cultura e a m\u00fasica acess\u00edveis a todos.<\/p>\n<h2>Sandra S\u00e1 e Seus Maiorais Sucessos<\/h2>\n<p>Com um repert\u00f3rio que inclui cl\u00e1ssicos da m\u00fasica brasileira, Sandra S\u00e1 conquistou o cora\u00e7\u00e3o de muitos f\u00e3s. M\u00fasicas como \u201cRetratos e Can\u00e7\u00f5es\u201d e \u201cOlhos Coloridos\u201d s\u00e3o exemplos do seu talento e da sua capacidade de tocar a alma das pessoas. Suas letras, ricas em poesia e emo\u00e7\u00e3o, s\u00e3o uma janela para suas viv\u00eancias e as hist\u00f3rias que ela carrega, tornando cada apresenta\u00e7\u00e3o \u00fanica e memor\u00e1vel.<\/p>\n<h2>A Evolu\u00e7\u00e3o do Programa Bem Brasil ao Longo dos Anos<\/h2>\n<p>O <strong>Bem Brasil<\/strong> tem sido um \u00edcone na televis\u00e3o brasileira desde sua estreia em 1991. Com mais de 600 epis\u00f3dios, o programa se firmou como um espa\u00e7o de respeito e valoriza\u00e7\u00e3o da diversidade musical do pa\u00eds. Durante sua trajet\u00f3ria, artistas renomados como Maria Beth\u00e2nia, Gilberto Gil e Chico Science j\u00e1 passaram por seu palco, ampliando a hist\u00f3ria da m\u00fasica nacional e dando voz a novas gera\u00e7\u00f5es.<\/p>\n<h2>Por Que Voc\u00ea N\u00e3o Pode Perder este Show?<\/h2>\n<p>O recital de Sandra S\u00e1 no <strong>Bem Brasil<\/strong> \u00e9 uma oportunidade imperd\u00edvel para apreciar uma das vozes mais significativas da m\u00fasica brasileira. Seu talento, combinado com a atmosfera vibrante do programa, promete uma experi\u00eancia incr\u00edvel. N\u00e3o perca a chance de ver de perto uma artista que, atrav\u00e9s de suas m\u00fasicas, constr\u00f3i pontes entre o passado e o presente musical, celebrando a cultura de um povo que respira m\u00fasica.<\/p>\n<h2>Conclus\u00e3o<\/h2>\n<p>O show de Sandra S\u00e1 no <strong>Bem Brasil<\/strong> \u00e9 uma celebra\u00e7\u00e3o n\u00e3o apenas de sua carreira, mas da rica tape\u00e7aria musical do Brasil. Este espet\u00e1culo \u00e9 uma \u00f3tima oportunidade para testemunhar o que h\u00e1 de melhor na m\u00fasica popular brasileira em um formato acess\u00edvel e interativo. Prepare-se para uma apresenta\u00e7\u00e3o repleta de emo\u00e7\u00e3o e nostalgia, que certamente ser\u00e1 lembrada por muito tempo.<\/p>\n\n<div style=\"font-size: 0px; height: 0px; line-height: 0px; margin: 0; padding: 0; clear: both;\"><\/div>","protected":false},"excerpt":{"rendered":"<p>Sandra S\u00e1 traz seus grandes sucessos em um show ao vivo inesquec\u00edvel.<\/p>\n","protected":false},"author":1,"featured_media":11617,"comment_status":"closed","ping_status":"closed","sticky":false,"template":"","format":"standard","meta":{"footnotes":""},"categories":[6],"tags":[],"class_list":["post-11618","post","type-post","status-publish","format-standard","has-post-thumbnail","hentry","category-noticias-itaquera","has_thumb"],"_links":{"self":[{"href":"https:\/\/www.encontraitaquera.com.br\/sobre\/wp-json\/wp\/v2\/posts\/11618","targetHints":{"allow":["GET"]}}],"collection":[{"href":"https:\/\/www.encontraitaquera.com.br\/sobre\/wp-json\/wp\/v2\/posts"}],"about":[{"href":"https:\/\/www.encontraitaquera.com.br\/sobre\/wp-json\/wp\/v2\/types\/post"}],"author":[{"embeddable":true,"href":"https:\/\/www.encontraitaquera.com.br\/sobre\/wp-json\/wp\/v2\/users\/1"}],"replies":[{"embeddable":true,"href":"https:\/\/www.encontraitaquera.com.br\/sobre\/wp-json\/wp\/v2\/comments?post=11618"}],"version-history":[{"count":0,"href":"https:\/\/www.encontraitaquera.com.br\/sobre\/wp-json\/wp\/v2\/posts\/11618\/revisions"}],"wp:featuredmedia":[{"embeddable":true,"href":"https:\/\/www.encontraitaquera.com.br\/sobre\/wp-json\/wp\/v2\/media\/11617"}],"wp:attachment":[{"href":"https:\/\/www.encontraitaquera.com.br\/sobre\/wp-json\/wp\/v2\/media?parent=11618"}],"wp:term":[{"taxonomy":"category","embeddable":true,"href":"https:\/\/www.encontraitaquera.com.br\/sobre\/wp-json\/wp\/v2\/categories?post=11618"},{"taxonomy":"post_tag","embeddable":true,"href":"https:\/\/www.encontraitaquera.com.br\/sobre\/wp-json\/wp\/v2\/tags?post=11618"}],"curies":[{"name":"wp","href":"https:\/\/api.w.org\/{rel}","templated":true}]}}