{"id":11627,"date":"2026-06-17T11:41:19","date_gmt":"2026-06-17T13:41:19","guid":{"rendered":"https:\/\/www.encontraitaquera.com.br\/sobre\/itaquera-ve-metro-quadrado-mais-que-dobrar-apos-arena-do-corinthians\/"},"modified":"2026-06-17T11:41:19","modified_gmt":"2026-06-17T13:41:19","slug":"itaquera-ve-metro-quadrado-mais-que-dobrar-apos-arena-do-corinthians","status":"publish","type":"post","link":"https:\/\/www.encontraitaquera.com.br\/sobre\/itaquera-ve-metro-quadrado-mais-que-dobrar-apos-arena-do-corinthians\/","title":{"rendered":"Itaquera v\u00ea metro quadrado mais que dobrar ap\u00f3s Arena do Corinthians"},"content":{"rendered":"<div class=\"f6a401da1b960306e8d5ff784b0b5528\" data-index=\"1\" style=\"float: none; margin:0px;\">\n<!-- Anuncio display - global -->\r\n<ins class=\"adsbygoogle\"\r\n     style=\"display:block\"\r\n     data-ad-client=\"ca-pub-8585364105181520\"\r\n     data-ad-slot=\"8789329856\"\r\n     data-ad-format=\"auto\"\r\n     data-full-width-responsive=\"true\"><\/ins>\r\n<script>\r\n     (adsbygoogle = window.adsbygoogle || []).push({});\r\n<\/script>\n<\/div>\n<h2>Transforma\u00e7\u00e3o Imobili\u00e1ria em Itaquera<\/h2>\n<p>A din\u00e2mica imobili\u00e1ria de Itaquera sofreu uma transforma\u00e7\u00e3o significativa nos \u00faltimos anos. A constru\u00e7\u00e3o da Neo Qu\u00edmica Arena, iniciada em 2011 e inaugurada em 2014, operou como um catalisador econ\u00f4mico e social para a regi\u00e3o. Antes da constru\u00e7\u00e3o do est\u00e1dio, o bairro era conhecido por seus pre\u00e7os acess\u00edveis e por ser uma \u00e1rea menos valorizada em S\u00e3o Paulo. Com a chegada da arena, esse cen\u00e1rio mudou drasticamente, refletindo uma tend\u00eancia de valoriza\u00e7\u00e3o que passou a atrair tanto compradores quanto investidores.<\/p>\n<h2>Causas da Valoriza\u00e7\u00e3o do Metro Quadrado<\/h2>\n<p>O pre\u00e7o do metro quadrado em Itaquera saltou de aproximadamente R$ 2.700 em 2011 para surpreendentes R$ 6.129 em maio de 2026, mais que o dobro em um per\u00edodo de quinze anos. Essa valoriza\u00e7\u00e3o pode ser atribu\u00edda a diversos fatores:<\/p>\n<ul>\n<li><strong>Inaugura\u00e7\u00e3o da Neo Qu\u00edmica Arena:<\/strong> O est\u00e1dio n\u00e3o s\u00f3 trouxe eventos de grande porte, como a abertura da Copa do Mundo, mas tamb\u00e9m propiciou um aumento no fluxo de pessoas e uma nova perspectiva comercial.<\/li>\n<li><strong>Obras de Infraestrutura:<\/strong> Juntamente com o est\u00e1dio, surgiram melhorias em transporte p\u00fablico, ruas, e servi\u00e7os essenciais, promovendo ainda mais integra\u00e7\u00e3o com outras \u00e1reas da cidade.<\/li>\n<li><strong>Interesse das Incorporadoras:<\/strong> Empresas do setor imobili\u00e1rio que antes evitavam a regi\u00e3o passaram a investir em obras, resultando em novos lan\u00e7amentos residenciais.<\/li>\n<\/ul>\n<h2>Neo Qu\u00edmica Arena e seu Impacto<\/h2>\n<p>O impacto da Neo Qu\u00edmica Arena transcende o aspecto meramente esportivo. O est\u00e1dio se consolidou como um espa\u00e7o multifuncional, atraindo n\u00e3o apenas torcedores, mas tamb\u00e9m eventos culturais, shows e atividades sociais. Essa multifuncionalidade n\u00e3o s\u00f3 elevou a visibilidade do bairro, mas tamb\u00e9m transformou a imagem de Itaquera, fazendo valer a pena investir na \u00e1rea.<\/p>\n<p><img decoding=\"async\" src=\"https:\/\/www.encontraitaquera.com.br\/sobre\/wp-content\/uploads\/2026\/06\/itaquera-ve-metro-quadrado-mais-que-dobrar-apos-arena-do-corinthians.webp\" alt=\"metro quadrado em Itaquera\" loading=\"lazy\" \/><\/p>\n<h2>Melhorias em Infraestrutura na Regi\u00e3o<\/h2>\n<p>A valoriza\u00e7\u00e3o de Itaquera n\u00e3o se deve apenas \u00e0 arena. A expans\u00e3o da malha vi\u00e1ria, a constru\u00e7\u00e3o de novas linhas de metr\u00f4 e a revitaliza\u00e7\u00e3o de j\u00e1 existentes, al\u00e9m da abertura de shoppings e com\u00e9rcios, contribu\u00edram significativamente para a transforma\u00e7\u00e3o do bairro em um local mais acess\u00edvel e atrativo para moradia. O Shopping Itaquera, por exemplo, tornou-se um ponto de encontro e consumo, atraindo visitantes de outras regi\u00f5es.<\/p>\n<h2>Crescimento de Lan\u00e7amentos Residenciais<\/h2>\n<p>Com a valoriza\u00e7\u00e3o e o aumento do fluxo populacional, as lan\u00e7adoras de im\u00f3veis come\u00e7aram a apostar em Itaquera. A MRV se tornou uma das principais incorporadoras do local, ampliando suas opera\u00e7\u00f5es e lan\u00e7ando projetos de grande escala, como o Gran Arena Itaquera, que contou com mais de mil unidades residenciais. Esse crescimento trouxe novos condom\u00ednios e empreendimentos que atendem a diferentes perfis de compradores.<\/p>\n<h2>Perfis de Compradores e Investidores<\/h2>\n<p>O p\u00fablico que busca im\u00f3veis na regi\u00e3o \u00e9 variado, englobando desde jovens que desejam sua primeira resid\u00eancia at\u00e9 fam\u00edlias em busca de espa\u00e7os maiores. Al\u00e9m disso, a classe m\u00e9dia tem demonstrado crescente interesse, impulsionada pela legisla\u00e7\u00e3o do programa Minha Casa, Minha Vida, que facilita o acesso \u00e0 habita\u00e7\u00e3o para muitos.<\/p>\n<h2>Desafios de Urbaniza\u00e7\u00e3o em Itaquera<\/h2>\n<p>Apesar da valoriza\u00e7\u00e3o e do desenvolvimento, Itaquera ainda enfrenta desafios significativos. A regi\u00e3o apresenta barreiras hist\u00f3ricas de fragmenta\u00e7\u00e3o urbana, resultantes da estrutura de sua malha urbana. As interven\u00e7\u00f5es, embora ben\u00e9ficas, n\u00e3o foram suficientes para eliminar o isolamento funcional que persiste em algumas \u00e1reas, dificultando o acesso de moradores a comodidades e servi\u00e7os.<\/p>\n<h2>Perspectivas Futuras do Mercado Imobili\u00e1rio<\/h2>\n<p>O futuro do mercado imobili\u00e1rio em Itaquera parece promissor, principalmente com as cont\u00ednuas melhorias em infraestrutura e transporte. A tend\u00eancia de valoriza\u00e7\u00e3o deve continuar \u00e0 medida que mais investidores se interessam pelo potencial da regi\u00e3o. Contudo, os desafios de integra\u00e7\u00e3o e acessibilidade devem ser abordados para garantir benef\u00edcios equitativos a todos os residentes.<\/p>\n<h2>A Influ\u00eancia do Transporte P\u00fablico<\/h2>\n<p>O acesso ao transporte p\u00fablico \u00e9 uma das chaves para a valoriza\u00e7\u00e3o de Itaquera. A proximidade das linhas de metr\u00f4 e trem facilita a locomo\u00e7\u00e3o, n\u00e3o apenas para quem reside na \u00e1rea, mas tamb\u00e9m para aqueles que trabalham em outras regi\u00f5es da cidade. A melhoria no transporte coletivo \u00e9 essencial para a continuidade do crescimento da valoriza\u00e7\u00e3o do metro quadrado na regi\u00e3o.<\/p>\n<h2>Compara\u00e7\u00e3o com Outros Bairros de S\u00e3o Paulo<\/h2>\n<p>Em compara\u00e7\u00e3o a outros bairros de S\u00e3o Paulo, Itaquera apresenta um custo-benef\u00edcio interessante, com pre\u00e7os ainda mais acess\u00edveis que \u00e1reas mais centrais da cidade. Essa acessibilidade, aliada \u00e0s melhorias em infraestrutura, torna Itaquera uma op\u00e7\u00e3o vi\u00e1vel para aqueles que buscam adquirir im\u00f3veis em S\u00e3o Paulo, sem abrir m\u00e3o de comodidades e servi\u00e7os de qualidade.<\/p>\n\n<div style=\"font-size: 0px; height: 0px; line-height: 0px; margin: 0; padding: 0; clear: both;\"><\/div>","protected":false},"excerpt":{"rendered":"<p>Itaquera registra aumento significativo no pre\u00e7o do metro quadrado ap\u00f3s a Arena.<\/p>\n","protected":false},"author":1,"featured_media":11626,"comment_status":"closed","ping_status":"closed","sticky":false,"template":"","format":"standard","meta":{"footnotes":""},"categories":[6],"tags":[],"class_list":["post-11627","post","type-post","status-publish","format-standard","has-post-thumbnail","hentry","category-noticias-itaquera","has_thumb"],"_links":{"self":[{"href":"https:\/\/www.encontraitaquera.com.br\/sobre\/wp-json\/wp\/v2\/posts\/11627","targetHints":{"allow":["GET"]}}],"collection":[{"href":"https:\/\/www.encontraitaquera.com.br\/sobre\/wp-json\/wp\/v2\/posts"}],"about":[{"href":"https:\/\/www.encontraitaquera.com.br\/sobre\/wp-json\/wp\/v2\/types\/post"}],"author":[{"embeddable":true,"href":"https:\/\/www.encontraitaquera.com.br\/sobre\/wp-json\/wp\/v2\/users\/1"}],"replies":[{"embeddable":true,"href":"https:\/\/www.encontraitaquera.com.br\/sobre\/wp-json\/wp\/v2\/comments?post=11627"}],"version-history":[{"count":0,"href":"https:\/\/www.encontraitaquera.com.br\/sobre\/wp-json\/wp\/v2\/posts\/11627\/revisions"}],"wp:featuredmedia":[{"embeddable":true,"href":"https:\/\/www.encontraitaquera.com.br\/sobre\/wp-json\/wp\/v2\/media\/11626"}],"wp:attachment":[{"href":"https:\/\/www.encontraitaquera.com.br\/sobre\/wp-json\/wp\/v2\/media?parent=11627"}],"wp:term":[{"taxonomy":"category","embeddable":true,"href":"https:\/\/www.encontraitaquera.com.br\/sobre\/wp-json\/wp\/v2\/categories?post=11627"},{"taxonomy":"post_tag","embeddable":true,"href":"https:\/\/www.encontraitaquera.com.br\/sobre\/wp-json\/wp\/v2\/tags?post=11627"}],"curies":[{"name":"wp","href":"https:\/\/api.w.org\/{rel}","templated":true}]}}