{"id":11639,"date":"2026-06-22T12:41:25","date_gmt":"2026-06-22T14:41:25","guid":{"rendered":"https:\/\/www.encontraitaquera.com.br\/sobre\/percebendo\/"},"modified":"2026-06-22T12:41:25","modified_gmt":"2026-06-22T14:41:25","slug":"percebendo","status":"publish","type":"post","link":"https:\/\/www.encontraitaquera.com.br\/sobre\/percebendo\/","title":{"rendered":". percebendo ."},"content":{"rendered":"<div class=\"f6a401da1b960306e8d5ff784b0b5528\" data-index=\"1\" style=\"float: none; margin:0px;\">\n<!-- Anuncio display - global -->\r\n<ins class=\"adsbygoogle\"\r\n     style=\"display:block\"\r\n     data-ad-client=\"ca-pub-8585364105181520\"\r\n     data-ad-slot=\"8789329856\"\r\n     data-ad-format=\"auto\"\r\n     data-full-width-responsive=\"true\"><\/ins>\r\n<script>\r\n     (adsbygoogle = window.adsbygoogle || []).push({});\r\n<\/script>\n<\/div>\n<h2>O que \u00e9 a performance . percebendo .<\/h2>\n<p>A performance chamada <strong>. percebendo .<\/strong> \u00e9 uma express\u00e3o art\u00edstica inovadora que explora a intersec\u00e7\u00e3o entre percep\u00e7\u00e3o, mem\u00f3ria e narrativa. Realizada por Andreza Aguida, uma artista com albinismo e defici\u00eancia visual, essa apresenta\u00e7\u00e3o se concentra na experi\u00eancia sensorial de uma mulher que enfrenta desafios visuais. Durante sua apresenta\u00e7\u00e3o, Andreza oferece um percurso performativo que investiga e revela elementos da arquitetura ao seu redor, al\u00e9m da intera\u00e7\u00e3o com o p\u00fablico, identificando os limites e potencialidades do espa\u00e7o.<\/p>\n<h2>A trajet\u00f3ria de Andreza Aguida<\/h2>\n<p>Desde o in\u00edcio de sua carreira, Andreza Aguida tem se destacado por seu foco na autoimagem e nas rela\u00e7\u00f5es entre a defici\u00eancia visual e as diferentes maneiras de perceber o mundo ao redor. Sua obra \u00e9 caracterizada pela fus\u00e3o de arte e acessibilidade, convidando o p\u00fablico a repensar a pr\u00f3pria percep\u00e7\u00e3o e a viv\u00eancia sensorial. Entre seus trabalhos not\u00e1veis, podemos citar <em>. percebendo .<\/em> (2022), <em>Re-exist\u00eancia Brincante<\/em> (2022) e <em>Sereia do Futuro<\/em> (2022), que refletem sua dedica\u00e7\u00e3o em ampliar as formas de express\u00e3o art\u00edstica atrav\u00e9s de uma nova lente sensorial.<\/p>\n<h2>Explorando a percep\u00e7\u00e3o e a mem\u00f3ria<\/h2>\n<p>Na performance <strong>. percebendo .<\/strong>, o p\u00fablico \u00e9 convidado a explorar n\u00e3o apenas a pr\u00f3pria percep\u00e7\u00e3o, mas tamb\u00e9m a mem\u00f3ria e as narrativas pessoais que a cercam. A proposta parte do princ\u00edpio de que a percep\u00e7\u00e3o atual se entrela\u00e7a com arquivos sensoriais que se constroem ao longo da vida. Isso transforma a experi\u00eancia em um espa\u00e7o de reflex\u00e3o, onde cada espectador \u00e9 chamado a trazer suas pr\u00f3prias viv\u00eancias e emo\u00e7\u00f5es, contribuindo assim para a constru\u00e7\u00e3o do evento.<\/p>\n<p><img decoding=\"async\" src=\"https:\/\/www.encontraitaquera.com.br\/sobre\/wp-content\/uploads\/2026\/06\/percebendo.webp\" alt=\". percebendo .\" loading=\"lazy\" \/><\/p>\n<h2>A import\u00e2ncia da audiodescri\u00e7\u00e3o<\/h2>\n<p>Audiodescri\u00e7\u00e3o \u00e9 uma das ferramentas centrais dessa performance, representando um recurso que vai al\u00e9m da comunica\u00e7\u00e3o. Joelson Lima, respons\u00e1vel por essa narra\u00e7\u00e3o em tempo real, transforma a audiodescri\u00e7\u00e3o em um ato po\u00e9tico e performativo. Ele descreve as experi\u00eancias e as percep\u00e7\u00f5es de Andreza, ao mesmo tempo em que envolve o p\u00fablico em um novo espa\u00e7o de escuta ativa, ativando mem\u00f3rias e rea\u00e7\u00f5es emocionais entre todos os presentes. A audiodescri\u00e7\u00e3o n\u00e3o \u00e9 apenas um acess\u00f3rio; \u00e9 um meio de inclus\u00e3o que conecta e cria um ambiente acess\u00edvel a todos.<\/p>\n<h2>Como a performance envolve o p\u00fablico<\/h2>\n<p>Durante <strong>. percebendo .<\/strong>, o papel do p\u00fablico \u00e9 altamente significativo. Cada espectador \u00e9 instigado a perceber e arquivar suas pr\u00f3prias impress\u00f5es durante a performance. Isso possibilita que cada um se torne uma parte ativa desse &#8220;arquivo vivo&#8221;, onde as emo\u00e7\u00f5es e as sensa\u00e7\u00f5es s\u00e3o coletadas e compartilhadas de maneira \u00fanica. A intera\u00e7\u00e3o vai al\u00e9m da observa\u00e7\u00e3o; ela transforma o ambiente comum em um espa\u00e7o rico em significados e experi\u00eancias coletivas.<\/p>\n<h2>O conceito de arquivo vivo na arte<\/h2>\n<p>Um dos conceitos centrais abordados na apresenta\u00e7\u00e3o \u00e9 o de <strong>arquivo vivo<\/strong>. Este termo remete \u00e0 ideia de que cada percep\u00e7\u00e3o \u00e9 registrada e interconecta-se com experi\u00eancias pessoais e coletivas. Na performance, a ideia \u00e9 que as mem\u00f3rias n\u00e3o s\u00e3o apenas recorda\u00e7\u00f5es passadas, mas sim elementos din\u00e2micos que influenciam nosso entendimento do presente. Andreza e Joelson, juntamente com o p\u00fablico, colaboram na constru\u00e7\u00e3o deste arquivo, onde cada intera\u00e7\u00e3o se torna um fragmento que comp\u00f5e o todo.<\/p>\n<h2>Colabora\u00e7\u00f5es criativas em . percebendo .<\/h2>\n<p>A intera\u00e7\u00e3o das diferentes capacidades e experi\u00eancias \u00e9 um aspecto integral da performance. A colabora\u00e7\u00e3o entre Andreza Aguida, Joelson Lima e outros artistas \u00e9 um exemplo de como a uni\u00e3o de talentos e perspectivas diversas potencializa a express\u00e3o art\u00edstica. Por exemplo, a participa\u00e7\u00e3o de Robson Costa, que atua como consultor de Libras, contribui para a inclus\u00e3o de mais uma camada de acessibilidade, trazendo a cultura surda para o centro do di\u00e1logo. Essa sinergia \u00e9 fundamental para criar um espa\u00e7o onde todos possam se sentir representados e engajados.<\/p>\n<h2>Impacto da acessibilidade na arte<\/h2>\n<p>A acessibilidade \u00e9 uma componente vital na obra de Andreza Aguida, pois redefine como a arte pode ser apreciada e experienciada. A inclus\u00e3o de pr\u00e1ticas acess\u00edveis n\u00e3o \u00e9 apenas uma quest\u00e3o de garantir que todos possam participar, mas tamb\u00e9m de enriquecer a obra art\u00edstica em si. O convite \u00e0 reflex\u00e3o cr\u00edtica sobre o pr\u00f3prio ato de perceber gera um impacto profundo, tanto em artistas quanto em espectadores, questionando preconceitos e promovendo um entendimento mais amplo sobre a diversidade.<\/p>\n<h2>Eventos e programa\u00e7\u00f5es de destaque<\/h2>\n<p>A performance . percebendo . tem sido exibida em v\u00e1rias programa\u00e7\u00f5es e festivais significativos, como a Funarte Acessibilidan\u00e7a Virtual (2022), Sesc RJ Pulsar (2022) e a I Bienal das Amaz\u00f4nias (2023). Essas plataformas n\u00e3o apenas destacam a relev\u00e2ncia do trabalho de Andreza, mas tamb\u00e9m abrem espa\u00e7o para que a discuss\u00e3o sobre percep\u00e7\u00e3o e inclus\u00e3o ganhe visibilidade e expans\u00e3o no meio art\u00edstico.<\/p>\n<h2>Reflex\u00f5es sobre o futuro da percep\u00e7\u00e3o art\u00edstica<\/h2>\n<p>Ao contemplar o futuro da percep\u00e7\u00e3o art\u00edstica, \u00e9 essencial considerar como experi\u00eancias como <strong>. percebendo .<\/strong> v\u00e3o moldar novas narrativas e caminhos na arte contempor\u00e2nea. O potencial de criar experi\u00eancias sensoriais e interativas que provoquem o p\u00fablico a se engajar em um di\u00e1logo \u00e9 imenso. A inclus\u00e3o no processo criativo ser\u00e1 cada vez mais necess\u00e1ria, e a arte dever\u00e1 se adaptar e expandir suas defini\u00e7\u00f5es, acolhendo vozes diversas e promovendo um entendimento mais profundo das experi\u00eancias humanas.<\/p>\n\n<div style=\"font-size: 0px; height: 0px; line-height: 0px; margin: 0; padding: 0; clear: both;\"><\/div>","protected":false},"excerpt":{"rendered":"<p>A performance . percebendo . explora criatividade atrav\u00e9s da percep\u00e7\u00e3o sensorial de uma mulher com defici\u00eancia visual.<\/p>\n","protected":false},"author":1,"featured_media":11638,"comment_status":"closed","ping_status":"closed","sticky":false,"template":"","format":"standard","meta":{"footnotes":""},"categories":[6],"tags":[],"class_list":["post-11639","post","type-post","status-publish","format-standard","has-post-thumbnail","hentry","category-noticias-itaquera","has_thumb"],"_links":{"self":[{"href":"https:\/\/www.encontraitaquera.com.br\/sobre\/wp-json\/wp\/v2\/posts\/11639","targetHints":{"allow":["GET"]}}],"collection":[{"href":"https:\/\/www.encontraitaquera.com.br\/sobre\/wp-json\/wp\/v2\/posts"}],"about":[{"href":"https:\/\/www.encontraitaquera.com.br\/sobre\/wp-json\/wp\/v2\/types\/post"}],"author":[{"embeddable":true,"href":"https:\/\/www.encontraitaquera.com.br\/sobre\/wp-json\/wp\/v2\/users\/1"}],"replies":[{"embeddable":true,"href":"https:\/\/www.encontraitaquera.com.br\/sobre\/wp-json\/wp\/v2\/comments?post=11639"}],"version-history":[{"count":0,"href":"https:\/\/www.encontraitaquera.com.br\/sobre\/wp-json\/wp\/v2\/posts\/11639\/revisions"}],"wp:featuredmedia":[{"embeddable":true,"href":"https:\/\/www.encontraitaquera.com.br\/sobre\/wp-json\/wp\/v2\/media\/11638"}],"wp:attachment":[{"href":"https:\/\/www.encontraitaquera.com.br\/sobre\/wp-json\/wp\/v2\/media?parent=11639"}],"wp:term":[{"taxonomy":"category","embeddable":true,"href":"https:\/\/www.encontraitaquera.com.br\/sobre\/wp-json\/wp\/v2\/categories?post=11639"},{"taxonomy":"post_tag","embeddable":true,"href":"https:\/\/www.encontraitaquera.com.br\/sobre\/wp-json\/wp\/v2\/tags?post=11639"}],"curies":[{"name":"wp","href":"https:\/\/api.w.org\/{rel}","templated":true}]}}