{"id":12065,"date":"2026-08-22T06:10:41","date_gmt":"2026-08-22T08:10:41","guid":{"rendered":"https:\/\/www.encontraitaquera.com.br\/sobre\/greve-da-cptm-veja-o-status-dos-trens-e-metro-de-sp-nesta-terca\/"},"modified":"2026-08-22T06:10:41","modified_gmt":"2026-08-22T08:10:41","slug":"greve-da-cptm-veja-o-status-dos-trens-e-metro-de-sp-nesta-terca","status":"publish","type":"post","link":"https:\/\/www.encontraitaquera.com.br\/sobre\/greve-da-cptm-veja-o-status-dos-trens-e-metro-de-sp-nesta-terca\/","title":{"rendered":"Greve da CPTM: Veja o status dos trens e metr\u00f4 de SP nesta ter\u00e7a"},"content":{"rendered":"<div class=\"f6a401da1b960306e8d5ff784b0b5528\" data-index=\"1\" style=\"float: none; margin:0px;\">\n<!-- Anuncio display - global -->\r\n<ins class=\"adsbygoogle\"\r\n     style=\"display:block\"\r\n     data-ad-client=\"ca-pub-8585364105181520\"\r\n     data-ad-slot=\"8789329856\"\r\n     data-ad-format=\"auto\"\r\n     data-full-width-responsive=\"true\"><\/ins>\r\n<script>\r\n     (adsbygoogle = window.adsbygoogle || []).push({});\r\n<\/script>\n<\/div>\n<h2>Efeitos da greve nas linhas de trem<\/h2>\n<p>Na manh\u00e3 do dia 4 de agosto de 2026, os usu\u00e1rios das linhas de trem da CPTM (Companhia Paulista de Trens Metropolitanos) enfrentaram desafios significativos devido a uma greve que impactou diretamente a circula\u00e7\u00e3o dos trens. Entre as linhas mais afetadas, destacam-se a 11-Coral, a 12-Safira e a 13-Jade, que viram suas opera\u00e7\u00f5es severamente limitadas. Essa paralisa\u00e7\u00e3o foi um reflexo das tens\u00f5es entre os trabalhadores e a administra\u00e7\u00e3o da CPTM, atraindo a aten\u00e7\u00e3o da m\u00eddia e do p\u00fablico.<\/p>\n<p>Conforme o movimento grevista se intensificava, as esta\u00e7\u00f5es de trem se tornaram focos de aglomera\u00e7\u00e3o, refletindo o frustra\u00e7\u00e3o dos passageiros que dependem deste meio de transporte. Com a diminui\u00e7\u00e3o das opera\u00e7\u00f5es, muitos usu\u00e1rios tiveram de buscar solu\u00e7\u00f5es alternativas para suas desloca\u00e7\u00f5es, levando a um aumento significativo na lota\u00e7\u00e3o de \u00f4nibus e outros transportes p\u00fablicos. Em resposta a essa situa\u00e7\u00e3o cr\u00edtica, algumas medidas emergenciais foram adotadas para tentar amenizar os impactos na mobilidade urbana.<\/p>\n<h2>Movimenta\u00e7\u00e3o dos usu\u00e1rios nos hor\u00e1rios de pico<\/h2>\n<p>Os hor\u00e1rios de pico, especialmente pela manh\u00e3 e no final da tarde, se mostraram ca\u00f3ticos em meio \u00e0 greve. De acordo com relatos de usu\u00e1rios e reportagens de ve\u00edculos de comunica\u00e7\u00e3o, muitos passageiros enfrentaram longas esperas em esta\u00e7\u00f5es que, normalmente, operariam com uma frequ\u00eancia razo\u00e1vel. A escassez de trens nas linhas afetadas fez com que muitos passageiros se sentissem desassistidos, ocasionando reclama\u00e7\u00f5es nas redes sociais e uma mobiliza\u00e7\u00e3o de cr\u00edticas em rela\u00e7\u00e3o aos servi\u00e7os oferecidos pela CPTM.<\/p>\n<p><img decoding=\"async\" src=\"https:\/\/www.encontraitaquera.com.br\/sobre\/wp-content\/uploads\/2026\/08\/greve-da-cptm-veja-o-status-dos-trens-e-metro-de-sp-nesta-terca.webp\" alt=\"\" loading=\"lazy\" \/><\/p>\n<p>O aumento do n\u00famero de pessoas tentando embarcar nos \u00f4nibus do Plano de Apoio entre Empresas em Situa\u00e7\u00e3o de Emerg\u00eancia (Paese) trouxe \u00e0 tona ainda mais problemas, como superlota\u00e7\u00e3o e atrasos. A dificuldade de encontrar alternativas r\u00e1pidas e eficientes fez com que muitos usu\u00e1rios ficassem inseguros sobre a viabilidade do transporte p\u00fablico como uma op\u00e7\u00e3o confi\u00e1vel durante a greve.<\/p>\n<h2>Opera\u00e7\u00e3o do Metr\u00f4 durante a paralisa\u00e7\u00e3o<\/h2>\n<p>Enquanto a CPTM enfrentava desafios com a greve, o sistema de metr\u00f4 de S\u00e3o Paulo assumiu uma fun\u00e7\u00e3o ainda mais crucial no transporte de passageiros. Com a maioria das suas linhas operando normalmente, o metr\u00f4 foi uma alternativa vi\u00e1vel para muitos dos usu\u00e1rios das linhas ferrovi\u00e1rias. No entanto, a alta demanda tamb\u00e9m resultou em congestionamentos e em um aumento significativo da lota\u00e7\u00e3o dos vag\u00f5es, uma vez que muitos optaram por este meio de transporte para evitar a espera nas esta\u00e7\u00f5es de trem.<\/p>\n<p>As informa\u00e7\u00f5es sobre o funcionamento das linhas de metr\u00f4 foram amplamente divulgadas, permitindo que os passageiros fizessem uma escolha informada sobre suas rotas. Apesar disso, a presen\u00e7a massiva de passageiros nos hor\u00e1rios de pico gerou um ambiente de desconforto, com muitos relatando experi\u00eancias de transporte apertadas e desafiadoras.<\/p>\n<h2>Reivindica\u00e7\u00f5es dos trabalhadores da CPTM<\/h2>\n<p>A greve foi motivada por uma s\u00e9rie de reivindica\u00e7\u00f5es feitas pelo Sindicato dos Trabalhadores em Empresas Ferrovi\u00e1rias da Zona Central do Brasil. Um dos principais pontos de discuss\u00e3o era a **garantia de emprego**, especialmente em um cen\u00e1rio onde a privatiza\u00e7\u00e3o de linhas ferrovi\u00e1rias estava em curso. Os trabalhadores expressaram preocupa\u00e7\u00f5es sobre a seguran\u00e7a de seus postos de trabalho e a qualidade dos servi\u00e7os oferecidos \u00e0 popula\u00e7\u00e3o.<\/p>\n<p>Al\u00e9m disso, havia cr\u00edticas significativas ao processo de privatiza\u00e7\u00e3o das linhas, uma vez que v\u00e1rias falhas operacionais haviam sido registradas nas semanas anteriores. Os ferrovi\u00e1rios alegaram que a implementa\u00e7\u00e3o de privatiza\u00e7\u00f5es poderia resultar na deteriora\u00e7\u00e3o do servi\u00e7o, comprometendo, assim, a qualidade do transporte para os usu\u00e1rios e a seguran\u00e7a dos trabalhadores.<\/p>\n<h2>Respostas do governo estadual<\/h2>\n<p>Em resposta \u00e0 greve, o governo estadual implementou um plano de conting\u00eancia para mitigar os efeitos sobre a popula\u00e7\u00e3o. Entre as medidas adotadas, destacou-se a determina\u00e7\u00e3o da Justi\u00e7a do Trabalho, que estabeleceu um efetivo m\u00ednimo de 80% dos funcion\u00e1rios em hor\u00e1rios de pico e de 60% em periodos fora de pico. Essa determina\u00e7\u00e3o tinha como objetivo garantir que um servi\u00e7o m\u00ednimo fosse mantido, minimizando assim os impactos da greve na vida dos cidad\u00e3os.<\/p>\n<p>O apoio ao sistema de \u00f4nibus e \u00e0 rede metrovi\u00e1ria tamb\u00e9m foi intensificado, visando acomodar o aumento do n\u00famero de passageiros que buscavam alternativas ao transporte ferrovi\u00e1rio. Apesar das tentativas do governo, usu\u00e1rios relataram que as solu\u00e7\u00f5es implementadas n\u00e3o foram suficientes para atender \u00e0 demanda durante os hor\u00e1rios de maior movimento.<\/p>\n<h2>Impacto no transporte p\u00fablico em SP<\/h2>\n<p>A greve da CPTM trouxe \u00e0 tona v\u00e1rias quest\u00f5es relacionadas ao transporte p\u00fablico na cidade de S\u00e3o Paulo. Com o aumento da demanda em outras linhas de transporte, como \u00f4nibus e metr\u00f4, muitos usu\u00e1rios enfrentaram desafios significativos. A superlota\u00e7\u00e3o e os atrasos na circula\u00e7\u00e3o dos \u00f4nibus, por exemplo, evidenciaram a fragilidade do sistema de transporte p\u00fablico, que j\u00e1 enfrenta dificuldades estruturais.<\/p>\n<p>Este evento tamb\u00e9m reacendeu discuss\u00f5es sobre a import\u00e2ncia de um planejamento mais eficaz e de investimentos em infraestrutura para o transporte p\u00fablico. A situa\u00e7\u00e3o mostrou a necessidade de garantir n\u00e3o apenas a continuidade dos servi\u00e7os, mas tamb\u00e9m de assegurar que eles sejam de qualidade e que atendam a demanda crescente da popula\u00e7\u00e3o.<\/p>\n<h2>Alternativas para os passageiros<\/h2>\n<p>Durante a greve, muitos passageiros se viram for\u00e7ados a buscar alternativas para suas necessidades de transporte. Algumas pessoas optaram por usar aplicativos de transporte (t\u00e1xis ou caronas), que cresceram em popularidade durante per\u00edodos de crise no transporte p\u00fablico. Embora essa op\u00e7\u00e3o possa ser mais cara, para muitos, ela se mostrou a alternativa mais pr\u00e1tica frente \u00e0s dificuldades enfrentadas.<\/p>\n<p>Outros usu\u00e1rios recorriam a bicicletas ou mesmo a caminhadas, dependendo da dist\u00e2ncia que precisavam percorrer. Essas solu\u00e7\u00f5es alternativas mostraram a flexibilidade e a resili\u00eancia dos cidad\u00e3os em adapta\u00e7\u00f5es r\u00e1pidas em tempos de crise, mas tamb\u00e9m evidenciaram a limita\u00e7\u00e3o que muitos enfrentam em rela\u00e7\u00e3o ao acesso a meios de transporte diversos e \u00e0 necessidade de pol\u00edticas p\u00fablicas que incentivem mais op\u00e7\u00f5es de mobilidade.<\/p>\n<h2>Cen\u00e1rio ferrovi\u00e1rio nas \u00faltimas semanas<\/h2>\n<p>Nos dias que antecederam a greve, o cen\u00e1rio ferrovi\u00e1rio na regi\u00e3o metropolitana de S\u00e3o Paulo j\u00e1 era tenso, com uma s\u00e9rie de falhas operacionais que resultaram em atrasos e cancelamentos. Esses problemas, que foram gradualmente aumentando, contribu\u00edram para a insatisfa\u00e7\u00e3o dos trabalhadores e da popula\u00e7\u00e3o em geral. Historicamente, o debate sobre as privatiza\u00e7\u00f5es de linhas da CPTM gerou descontentamento que culminou no movimento grevista.<\/p>\n<p>A falta de confian\u00e7a na capacidade da CPTM de gerenciar suas opera\u00e7\u00f5es tamb\u00e9m desempenhou um papel significativo nas reivindica\u00e7\u00f5es dos trabalhadores. Com os problemas se tornando frequentes, muitos usu\u00e1rios come\u00e7aram a questionar a qualidade do servi\u00e7o que a CPTM poderia oferecer se as privatiza\u00e7\u00f5es fossem levadas adiante.<\/p>\n<h2>Ajustes na circula\u00e7\u00e3o dos trens<\/h2>\n<p>Com a greve em curso, a circula\u00e7\u00e3o dos trens da CPTM foi ajustada para atender \u00e0s determina\u00e7\u00f5es do governo e da Justi\u00e7a do Trabalho. A opera\u00e7\u00e3o parcial de algumas linhas significou que enquanto algumas esta\u00e7\u00f5es eram continuam a operar, outras estavam inteiramente paralisadas. O uso de \u00f4nibus para realizar parte do percurso foi uma das alternativas mais vis\u00edveis durante esta crise.<\/p>\n<p>Essas mudan\u00e7as na opera\u00e7\u00e3o n\u00e3o apenas impactaram a efici\u00eancia do transporte, mas tamb\u00e9m geraram frustra\u00e7\u00e3o entre os usu\u00e1rios, que frequentemente relataram a falta de informa\u00e7\u00f5es claras sobre as rotas dispon\u00edveis e sobre como proceder nas esta\u00e7\u00f5es afetadas pela greve.<\/p>\n<h2>O que esperar durante a greve<\/h2>\n<p>No decorrer da greve, a expectativa \u00e9 que as negocia\u00e7\u00f5es entre os trabalhadores da CPTM e a administra\u00e7\u00e3o da companhia sejam intensificadas. A situa\u00e7\u00e3o atual dever\u00e1 fazer com que as partes busquem um entendimento que seja ben\u00e9fico tanto para os funcion\u00e1rios quanto para a popula\u00e7\u00e3o. Enquanto isso, os passageiros precisam se preparar para um transporte p\u00fablico complicado, com a possibilidade de atrasos, lota\u00e7\u00e3o e opera\u00e7\u00f5es parciais das linhas afetadas.<\/p>\n<p>Ademais, a continuidade da greve poder\u00e1 amplificar as discuss\u00f5es sobre a privatiza\u00e7\u00e3o e a necessidade de reformas no sistema de transporte p\u00fablico. Resta saber, portanto, como ser\u00e1 o desdobramento deste movimento e quais efeitos a longo prazo ele poder\u00e1 ter nas pol\u00edticas p\u00fablicas relacionadas ao transporte na cidade.<\/p>\n\n<div style=\"font-size: 0px; height: 0px; line-height: 0px; margin: 0; padding: 0; clear: both;\"><\/div>","protected":false},"excerpt":{"rendered":"<p>Greve da CPTM afeta o transporte p\u00fablico em S\u00e3o Paulo hoje.<\/p>\n","protected":false},"author":1,"featured_media":12064,"comment_status":"closed","ping_status":"closed","sticky":false,"template":"","format":"standard","meta":{"footnotes":""},"categories":[6],"tags":[],"class_list":["post-12065","post","type-post","status-publish","format-standard","has-post-thumbnail","hentry","category-noticias-itaquera","has_thumb"],"_links":{"self":[{"href":"https:\/\/www.encontraitaquera.com.br\/sobre\/wp-json\/wp\/v2\/posts\/12065","targetHints":{"allow":["GET"]}}],"collection":[{"href":"https:\/\/www.encontraitaquera.com.br\/sobre\/wp-json\/wp\/v2\/posts"}],"about":[{"href":"https:\/\/www.encontraitaquera.com.br\/sobre\/wp-json\/wp\/v2\/types\/post"}],"author":[{"embeddable":true,"href":"https:\/\/www.encontraitaquera.com.br\/sobre\/wp-json\/wp\/v2\/users\/1"}],"replies":[{"embeddable":true,"href":"https:\/\/www.encontraitaquera.com.br\/sobre\/wp-json\/wp\/v2\/comments?post=12065"}],"version-history":[{"count":0,"href":"https:\/\/www.encontraitaquera.com.br\/sobre\/wp-json\/wp\/v2\/posts\/12065\/revisions"}],"wp:featuredmedia":[{"embeddable":true,"href":"https:\/\/www.encontraitaquera.com.br\/sobre\/wp-json\/wp\/v2\/media\/12064"}],"wp:attachment":[{"href":"https:\/\/www.encontraitaquera.com.br\/sobre\/wp-json\/wp\/v2\/media?parent=12065"}],"wp:term":[{"taxonomy":"category","embeddable":true,"href":"https:\/\/www.encontraitaquera.com.br\/sobre\/wp-json\/wp\/v2\/categories?post=12065"},{"taxonomy":"post_tag","embeddable":true,"href":"https:\/\/www.encontraitaquera.com.br\/sobre\/wp-json\/wp\/v2\/tags?post=12065"}],"curies":[{"name":"wp","href":"https:\/\/api.w.org\/{rel}","templated":true}]}}