{"id":12075,"date":"2026-08-23T06:12:43","date_gmt":"2026-08-23T08:12:43","guid":{"rendered":"https:\/\/www.encontraitaquera.com.br\/sobre\/metro-de-sp-falha-na-linha-3\/"},"modified":"2026-08-23T06:12:43","modified_gmt":"2026-08-23T08:12:43","slug":"metro-de-sp-falha-na-linha-3","status":"publish","type":"post","link":"https:\/\/www.encontraitaquera.com.br\/sobre\/metro-de-sp-falha-na-linha-3\/","title":{"rendered":"Metr\u00f4 de SP: falha na Linha 3"},"content":{"rendered":"<div class=\"f6a401da1b960306e8d5ff784b0b5528\" data-index=\"1\" style=\"float: none; margin:0px;\">\n<!-- Anuncio display - global -->\r\n<ins class=\"adsbygoogle\"\r\n     style=\"display:block\"\r\n     data-ad-client=\"ca-pub-8585364105181520\"\r\n     data-ad-slot=\"8789329856\"\r\n     data-ad-format=\"auto\"\r\n     data-full-width-responsive=\"true\"><\/ins>\r\n<script>\r\n     (adsbygoogle = window.adsbygoogle || []).push({});\r\n<\/script>\n<\/div>\n<h2>Entenda o que aconteceu na Linha 3-Vermelha<\/h2>\n<p>No dia 20 de agosto de 2026, a Linha 3-Vermelha do Metr\u00f4 de S\u00e3o Paulo enfrentou uma anomalia em sua opera\u00e7\u00e3o. A falha ocorreu entre as esta\u00e7\u00f5es Palmeiras-Barra Funda e Corinthians-Itaquera por volta das 5h15. Ap\u00f3s aproximadamente 35 minutos de interrup\u00e7\u00e3o, o servi\u00e7o foi normalizado, mas n\u00e3o antes de causar transtornos consider\u00e1veis para os passageiros que dependem dessa linha em suas rotinas di\u00e1rias.<\/p>\n<h2>Impactos da falha no transporte p\u00fablico<\/h2>\n<p>A interrup\u00e7\u00e3o na opera\u00e7\u00e3o da Linha 3-Vermelha resultou em um efeito cascata, com trens circulando a uma velocidade reduzida. Isso elevou o tempo de espera nas esta\u00e7\u00f5es, levando a um aumento significativo da lota\u00e7\u00e3o. Muitas esta\u00e7\u00f5es, que normalmente apresentam um fluxo moderado, foram tomadas por um n\u00famero maior de usu\u00e1rios do que o habitual para aquele hor\u00e1rio da manh\u00e3.<\/p>\n<ul>\n<li><strong>Tempo de espera aumentado:<\/strong> Passageiros enfrentaram atrasos, pois os trens precisavam parar por mais tempo nas plataformas.<\/li>\n<li><strong>Lota\u00e7\u00e3o nas esta\u00e7\u00f5es:<\/strong> O aumento da quantidade de pessoas concentradas nas esta\u00e7\u00f5es resultou em desconforto e aglomera\u00e7\u00f5es.<\/li>\n<li><strong>Deslocamento mais demorado:<\/strong> Viagens que normalmente seriam r\u00e1pidas se tornaram mais longas, irritando muitos usu\u00e1rios.<\/li>\n<\/ul>\n<h2>Hist\u00f3rico de interrup\u00e7\u00f5es na Linha 3-Vermelha<\/h2>\n<p>A Linha 3-Vermelha, uma das mais movimentadas do Metr\u00f4 de S\u00e3o Paulo, j\u00e1 teve outros incidentes semelhantes no passado. Diversas falhas em infraestrutura, sistemas el\u00e9tricos e eventos clim\u00e1ticos t\u00eam gerado atrasos e interrup\u00e7\u00f5es em sua opera\u00e7\u00e3o. O monitoramento constante e as manuten\u00e7\u00f5es preditivas s\u00e3o essenciais para evitar problemas recorrentes nas linhas mais utilizadas.<\/p>\n<p><img decoding=\"async\" src=\"https:\/\/www.encontraitaquera.com.br\/sobre\/wp-content\/uploads\/2026\/08\/metro-de-sp-falha-na-linha-3.webp\" alt=\"Metr\u00f4 de SP\" loading=\"lazy\" \/><\/p>\n<h2>Como o Metr\u00f4 de SP lida com emerg\u00eancias<\/h2>\n<p>O Metr\u00f4 de S\u00e3o Paulo possui protocolos bem estabelecidos para lidar com emerg\u00eancias. Quando h\u00e1 um problema t\u00e9cnico, a equipe de opera\u00e7\u00e3o \u00e9 acionada imediatamente para avaliar a gravidade da falha e informar os passageiros afetados. As comunica\u00e7\u00f5es s\u00e3o feitas atrav\u00e9s de sistemas de som nas esta\u00e7\u00f5es, pain\u00e9is eletr\u00f4nicos e aplicativos utilizados pelos passageiros.<\/p>\n<ul>\n<li><strong>Comunica\u00e7\u00e3o r\u00e1pida:<\/strong> A prioridade \u00e9 manter os passageiros informados sobre o status das opera\u00e7\u00f5es.<\/li>\n<li><strong>Treinamento da equipe:<\/strong> A equipe \u00e9 constantemente treinada para atuar em situa\u00e7\u00f5es de emerg\u00eancia, assegurando a seguran\u00e7a dos usu\u00e1rios.<\/li>\n<li><strong>Estrat\u00e9gias de conting\u00eancia:<\/strong> O Metr\u00f4 desenvolve planos de a\u00e7\u00e3o para minimizar os impactos em casos de falhas.<\/li>\n<\/ul>\n<h2>Depoimentos de passageiros afetados<\/h2>\n<p>Os passageiros afetados pela falha na linha expressaram suas frustra\u00e7\u00f5es e preocupa\u00e7\u00f5es. Muitos alegaram que a situa\u00e7\u00e3o impactou sua rotina e comprometeu hor\u00e1rios de compromissos pessoais e profissionais. A seguir, alguns relatos coletados:<\/p>\n<ul>\n<li>&#8220;Eu estava a caminho do trabalho e perdi uma reuni\u00e3o importante porque a linha estava t\u00e3o lotada que n\u00e3o consegui entrar no trem. Para quem depende do transporte p\u00fablico, isso \u00e9 muito frustrante.&#8221;<\/li>\n<li>&#8220;A situa\u00e7\u00e3o na esta\u00e7\u00e3o estava insuport\u00e1vel. N\u00e3o conseguimos nem nos mover. \u00c9 um problema que acontece com frequ\u00eancia!&#8221;<\/li>\n<li>&#8220;Eu entendo que falhas acontecem, mas o Metr\u00f4 precisa estar mais preparado para essas situa\u00e7\u00f5es. Muitos de n\u00f3s dependemos disso para trabalhar.&#8221;<\/li>\n<\/ul>\n<h2>Poss\u00edveis solu\u00e7\u00f5es para falhas futuras<\/h2>\n<p>Para evitar novas interrup\u00e7\u00f5es e melhorar a experi\u00eancia dos passageiros, algumas solu\u00e7\u00f5es podem ser consideradas:<\/p>\n<ul>\n<li><strong>Manuten\u00e7\u00e3o preventiva:<\/strong> Implementar manuten\u00e7\u00f5es mais rigorosas e frequentes no sistema e nas linhas do Metr\u00f4.<\/li>\n<li><strong>Atualiza\u00e7\u00e3o de equipamentos:<\/strong> Investir em tecnologia e equipamentos mais modernos que aumentem a confiabilidade e efici\u00eancia do sistema.<\/li>\n<li><strong>Refor\u00e7o na comunica\u00e7\u00e3o:<\/strong> Melhorar os canais de comunica\u00e7\u00e3o em tempo real para que os usu\u00e1rios sejam constantemente informados sobre quaisquer problemas.<\/li>\n<\/ul>\n<h2>An\u00e1lise do fluxo de passageiros em hor\u00e1rios de pico<\/h2>\n<p>A Linha 3-Vermelha, sendo uma das mais importantes de S\u00e3o Paulo, apresenta altos n\u00edveis de fluxo durante hor\u00e1rios de pico. Estima-se que diariamente milh\u00f5es de passageiros utilizam essa linha, resultando em um ambiente frequentemente congestionado. O entendimento do fluxo de passageiros \u00e9 essencial para planejamento e gerenciamento de opera\u00e7\u00f5es:<\/p>\n<ul>\n<li><strong>Estudos de tr\u00e1fego:<\/strong> Estudos detalhados sobre o fluxo s\u00e3o necess\u00e1rios para gerenciar e otimizar opera\u00e7\u00f5es, principalmente em hor\u00e1rios de maior movimento.<\/li>\n<li><strong>Ajuste na frequ\u00eancia de trens:<\/strong> Modificar a frequ\u00eancia dos trens para atender a demanda durante hor\u00e1rios de pico pode ser uma solu\u00e7\u00e3o eficaz.<\/li>\n<li><strong>Oferta de alternativas:<\/strong> Melhorar e diversificar as op\u00e7\u00f5es de transporte p\u00fablico, garantindo que os passageiros tenham alternativas vi\u00e1veis. <\/li>\n<\/ul>\n<h2>Como o problema afetou a rotina dos usu\u00e1rios<\/h2>\n<p>A interrup\u00e7\u00e3o na linha teve um impacto significativo na rotina dos usu\u00e1rios da linha 3-Vermelha. Muitos relataram atrasos e dificuldades em suas jornadas di\u00e1rias.<\/p>\n<p>Al\u00e9m das quest\u00f5es de tempo, o aumento da aglomera\u00e7\u00e3o nas esta\u00e7\u00f5es trouxe um n\u00edvel adicional de estresse e desconforto, o que pode influenciar a produtividade e o bem-estar dos passageiros que dependem do Metr\u00f4 para se deslocar.<\/p>\n<h2>Expectativas de melhorias para a linha<\/h2>\n<p>Os passageiros esperam que o Metr\u00f4 de S\u00e3o Paulo tome medidas eficazes para evitar falhas futuras e minimize os impactos em sua opera\u00e7\u00e3o. Isso inclui a implementa\u00e7\u00e3o de uma agenda de manuten\u00e7\u00e3o mais robusta e investimentos em novas tecnologias capazes de proporcionar um servi\u00e7o mais eficiente.<\/p>\n<ul>\n<li><strong>Feedback dos usu\u00e1rios:<\/strong> O Metr\u00f4 poderia instituir um canal permanente para receber e analisar feedback dos passageiros sobre a experi\u00eancia nas esta\u00e7\u00f5es e trens.<\/li>\n<li><strong>Transpar\u00eancia nas informa\u00e7\u00f5es:<\/strong> Manter os usu\u00e1rios informados sobre o estado das opera\u00e7\u00f5es e sobre melhorias planejadas d\u00e1 a sensa\u00e7\u00e3o de responsabilidade e resposta do servi\u00e7o de transporte p\u00fablico.<\/li>\n<li><strong>Incentivos a alternativas de transporte:<\/strong> Promover o uso de outras modalidades de transporte, como bicicletas e \u00f4nibus, poderia descongestionar a linha durante hor\u00e1rios cr\u00edticos.<\/li>\n<\/ul>\n<h2>A import\u00e2ncia de um Metr\u00f4 eficiente em S\u00e3o Paulo<\/h2>\n<p>Um sistema de Metr\u00f4 eficiente \u00e9 crucial para o funcionamento harmonioso de uma grande metr\u00f3pole como S\u00e3o Paulo. O transporta n\u00e3o somente passageiros, mas tamb\u00e9m contribui para a economia e a mobilidade urbana. Um Metr\u00f4 eficaz promove:<\/p>\n<ul>\n<li><strong>Redu\u00e7\u00e3o de congestionamentos:<\/strong> Uma rede de Metr\u00f4 bem administrada diminui a quantidade de ve\u00edculos nas ruas, aliviando o tr\u00e2nsito.<\/li>\n<li><strong>Aumento da qualidade de vida:<\/strong> Facilitar o deslocamento ajuda as pessoas a aproveitarem melhor seu tempo e a lidarem de forma mais eficaz com suas atividades di\u00e1rias.<\/li>\n<li><strong>Est\u00edmulo ao uso do transporte p\u00fablico:<\/strong> Melhorias no Metr\u00f4 incentivam mais indiv\u00edduos a optarem por transporte p\u00fablico em vez de ve\u00edculos particulares, criando um ciclo positivo de acesso e efici\u00eancia.<\/li>\n<\/ul>\n\n<div style=\"font-size: 0px; height: 0px; line-height: 0px; margin: 0; padding: 0; clear: both;\"><\/div>","protected":false},"excerpt":{"rendered":"<p>Metr\u00f4 de SP enfrenta problema na Linha 3-Vermelha, impactando lota\u00e7\u00e3o e velocidade.<\/p>\n","protected":false},"author":1,"featured_media":12074,"comment_status":"closed","ping_status":"closed","sticky":false,"template":"","format":"standard","meta":{"footnotes":""},"categories":[6],"tags":[],"class_list":["post-12075","post","type-post","status-publish","format-standard","has-post-thumbnail","hentry","category-noticias-itaquera","has_thumb"],"_links":{"self":[{"href":"https:\/\/www.encontraitaquera.com.br\/sobre\/wp-json\/wp\/v2\/posts\/12075","targetHints":{"allow":["GET"]}}],"collection":[{"href":"https:\/\/www.encontraitaquera.com.br\/sobre\/wp-json\/wp\/v2\/posts"}],"about":[{"href":"https:\/\/www.encontraitaquera.com.br\/sobre\/wp-json\/wp\/v2\/types\/post"}],"author":[{"embeddable":true,"href":"https:\/\/www.encontraitaquera.com.br\/sobre\/wp-json\/wp\/v2\/users\/1"}],"replies":[{"embeddable":true,"href":"https:\/\/www.encontraitaquera.com.br\/sobre\/wp-json\/wp\/v2\/comments?post=12075"}],"version-history":[{"count":0,"href":"https:\/\/www.encontraitaquera.com.br\/sobre\/wp-json\/wp\/v2\/posts\/12075\/revisions"}],"wp:featuredmedia":[{"embeddable":true,"href":"https:\/\/www.encontraitaquera.com.br\/sobre\/wp-json\/wp\/v2\/media\/12074"}],"wp:attachment":[{"href":"https:\/\/www.encontraitaquera.com.br\/sobre\/wp-json\/wp\/v2\/media?parent=12075"}],"wp:term":[{"taxonomy":"category","embeddable":true,"href":"https:\/\/www.encontraitaquera.com.br\/sobre\/wp-json\/wp\/v2\/categories?post=12075"},{"taxonomy":"post_tag","embeddable":true,"href":"https:\/\/www.encontraitaquera.com.br\/sobre\/wp-json\/wp\/v2\/tags?post=12075"}],"curies":[{"name":"wp","href":"https:\/\/api.w.org\/{rel}","templated":true}]}}