{"id":12081,"date":"2026-08-24T06:12:41","date_gmt":"2026-08-24T08:12:41","guid":{"rendered":"https:\/\/www.encontraitaquera.com.br\/sobre\/sp-vacina-contra-sarampo-chega-a-shopping-padaria-e-metro\/"},"modified":"2026-08-24T06:12:41","modified_gmt":"2026-08-24T08:12:41","slug":"sp-vacina-contra-sarampo-chega-a-shopping-padaria-e-metro","status":"publish","type":"post","link":"https:\/\/www.encontraitaquera.com.br\/sobre\/sp-vacina-contra-sarampo-chega-a-shopping-padaria-e-metro\/","title":{"rendered":"SP: Vacina contra sarampo chega a shopping, padaria e metr\u00f4"},"content":{"rendered":"<div class=\"f6a401da1b960306e8d5ff784b0b5528\" data-index=\"1\" style=\"float: none; margin:0px;\">\n<!-- Anuncio display - global -->\r\n<ins class=\"adsbygoogle\"\r\n     style=\"display:block\"\r\n     data-ad-client=\"ca-pub-8585364105181520\"\r\n     data-ad-slot=\"8789329856\"\r\n     data-ad-format=\"auto\"\r\n     data-full-width-responsive=\"true\"><\/ins>\r\n<script>\r\n     (adsbygoogle = window.adsbygoogle || []).push({});\r\n<\/script>\n<\/div>\n<h2>Expans\u00e3o dos Pontos de Vacina\u00e7\u00e3o no Estado<\/h2>\n<p>A Prefeitura de S\u00e3o Paulo est\u00e1 ampliando a cobertura da vacina\u00e7\u00e3o contra o sarampo, trazendo a imuniza\u00e7\u00e3o n\u00e3o s\u00f3 para as esta\u00e7\u00f5es do Metr\u00f4, mas tamb\u00e9m para locais frequentados pela popula\u00e7\u00e3o diariamente. Essa nova abordagem inclui estabelecimentos como supermercados, shoppings, mercados e pra\u00e7as em diversas regi\u00f5es da capital, um esfor\u00e7o significativo para facilitar o acesso \u00e0 imuniza\u00e7\u00e3o.<\/p>\n<p>Essa medida \u00e9 fundamental, especialmente considerando o recente aumento dos casos da doen\u00e7a. At\u00e9 o momento, foram confirmados 23 casos de sarampo em S\u00e3o Paulo, com 20 ocorrendo na pr\u00f3pria capital. Para reverter essa situa\u00e7\u00e3o, a\u00e7\u00f5es contundentes est\u00e3o sendo implementadas para garantir que a popula\u00e7\u00e3o seja adequadamente vacinada.<\/p>\n<h2>Locais Estrat\u00e9gicos para Imuniza\u00e7\u00e3o<\/h2>\n<p>Os novos pontos da vacina\u00e7\u00e3o em S\u00e3o Paulo foram pensados para serem facilmente acess\u00edveis e est\u00e3o distribu\u00eddos pelas diferentes zonas da cidade. Aqui est\u00e3o alguns dos locais onde a imuniza\u00e7\u00e3o est\u00e1 dispon\u00edvel:<\/p>\n<p><img decoding=\"async\" src=\"https:\/\/www.encontraitaquera.com.br\/sobre\/wp-content\/uploads\/2026\/08\/sp-vacina-contra-sarampo-chega-a-shopping-padaria-e-metro.webp\" alt=\"vacina contra sarampo\" loading=\"lazy\" \/><\/p>\n<ul>\n<li><strong>Zona Leste:<\/strong> Supermercados como o Nagumo e Assa\u00ed, al\u00e9m do Shopping Metr\u00f4 Itaquera.<\/li>\n<li><strong>Zona Norte:<\/strong> H\u00e1 vacina\u00e7\u00e3o em locais como o Partage Shopping, Supermercado Compre Mais e Max Atacadista.<\/li>\n<li><strong>Zona Sudeste:<\/strong> Pra\u00e7a e parques como o Parque Lydia Natalizio e o Hortifruti Orat\u00f3rio s\u00e3o alguns dos pontos de vacina\u00e7\u00e3o.<\/li>\n<li><strong>Zona Oeste:<\/strong> Estabelecimentos como o Shopping Na\u00e7\u00f5es Unidas e o Mercado Lodetti recebem pontos de vacina\u00e7\u00e3o.<\/li>\n<li><strong>Zona Sul:<\/strong> Locais como o Sonda Supermercados e as AMAs Parais\u00f3polis e Cap\u00e3o Redondo tamb\u00e9m est\u00e3o inclu\u00eddos no circuito de vacina\u00e7\u00e3o.<\/li>\n<\/ul>\n<h2>Import\u00e2ncia da Vacina\u00e7\u00e3o Contra Sarampo<\/h2>\n<p>A vacina\u00e7\u00e3o contra o sarampo \u00e9 considerada a principal linha de defesa contra a doen\u00e7a, que pode trazer s\u00e9rias consequ\u00eancias \u00e0 sa\u00fade, especialmente em crian\u00e7as. O sarampo \u00e9 uma doen\u00e7a altamente contagiosa e pode levar a complica\u00e7\u00f5es severas, como pneumonia e encefalite. Portanto, garantir que as pessoas estejam vacinadas \u00e9 crucial para a prote\u00e7\u00e3o coletiva e a erradica\u00e7\u00e3o da doen\u00e7a.<\/p>\n<p>Com o correio de novos casos registrados, a imuniza\u00e7\u00e3o se torna ainda mais urgente. O sistema de sa\u00fade alerta que todos devem verificar seu hist\u00f3rico vacinal e se vacinar se necess\u00e1rio, pois a preven\u00e7\u00e3o \u00e9 a forma mais eficaz de combate a doen\u00e7as imunopreven\u00edveis.<\/p>\n<h2>Quem Pode Se Vacinar?<\/h2>\n<p>O p\u00fablico-alvo para a vacina\u00e7\u00e3o contra o sarampo abrange uma faixa et\u00e1ria de 6 meses a 59 anos, sem considerar o hist\u00f3rico vacinal anterior. Isso significa que mesmo aqueles que j\u00e1 foram vacinados anteriormente devem se dirigir aos pontos de vacina\u00e7\u00e3o para garantir uma prote\u00e7\u00e3o adequada.<\/p>\n<p>Al\u00e9m disso, a chamada &#8220;dose zero&#8221; est\u00e1 dispon\u00edvel para beb\u00eas com idades entre 6 e 11 meses. Essa dose inicial n\u00e3o substitui as vacinas regulares previstas no calend\u00e1rio vacinal, mas serve como uma forma extra de prote\u00e7\u00e3o contra a doen\u00e7a no in\u00edcio da vida.<\/p>\n<h2>Documentos Necess\u00e1rios para Vacina\u00e7\u00e3o<\/h2>\n<p>Para receber a vacina contra o sarampo, \u00e9 imprescind\u00edvel que os moradores de S\u00e3o Paulo se dirijam a um dos pontos de vacina\u00e7\u00e3o portando um documento de identifica\u00e7\u00e3o com foto e a carteira de vacina\u00e7\u00e3o. A apresenta\u00e7\u00e3o desses documentos \u00e9 fundamental para assegurar que a imuniza\u00e7\u00e3o seja registrada adequadamente.<\/p>\n<p>\u00c9 importante ressaltar que, conforme as novas diretrizes do Minist\u00e9rio da Sa\u00fade, os indiv\u00edduos devem respeitar um intervalo de 30 dias ap\u00f3s a aplica\u00e7\u00e3o da tr\u00edplice viral ou de outro imunizante que contenha v\u00edrus vivos atenuados antes de receber a vacina contra o sarampo.<\/p>\n<h2>Diferen\u00e7a entre Dose Zero e Vacina\u00e7\u00e3o Regular<\/h2>\n<p>A Dose Zero \u00e9 uma vacina que pode ser aplicada em beb\u00eas de 6 a 11 meses e \u00e9 uma estrat\u00e9gia de interven\u00e7\u00e3o para aumentar a imunidade nesse grupo et\u00e1rio vulner\u00e1vel. Entretanto, \u00e9 crucial entender que essa dose n\u00e3o substitui a vacina\u00e7\u00e3o regular, que deve ocorrer de acordo com as diretrizes nacionais de imuniza\u00e7\u00e3o ao longo da vida da crian\u00e7a.<\/p>\n<p>Portanto, mesmo que a Dose Zero seja administrada, os pais e respons\u00e1veis devem continuar seguindo o calend\u00e1rio vacinal regular para o recebimento das doses subsequentes, garantindo assim a imuniza\u00e7\u00e3o completa da crian\u00e7a ao longo do tempo.<\/p>\n<h2>Campanha de Multivacina\u00e7\u00e3o: O Que Voc\u00ea Precisa Saber<\/h2>\n<p>A campanha de multivacina\u00e7\u00e3o est\u00e1 em pleno andamento e seguir\u00e1 at\u00e9 1\u00ba de setembro, com uma data especial chamada &#8220;Dia D&#8221; marcada para 22 de agosto, ocasi\u00e3o em que todas as 483 Unidades B\u00e1sicas de Sa\u00fade (UBSs) da cidade estar\u00e3o abertas para atender a popula\u00e7\u00e3o.<\/p>\n<p>Essa \u00e9 uma excelente oportunidade para que os cidad\u00e3os verifiquem seus dados vacinais e confirmem se h\u00e1 alguma vacina pendente. A atualiza\u00e7\u00e3o do cart\u00e3o de vacinas \u00e9 uma a\u00e7\u00e3o essencial para a sa\u00fade p\u00fablica e um passo importante na prote\u00e7\u00e3o contra diversas doen\u00e7as contagiosas.<\/p>\n<h2>A\u00e7\u00f5es de Preven\u00e7\u00e3o Contra Doen\u00e7as Imunopreven\u00edveis<\/h2>\n<p>Imuniza\u00e7\u00e3o \u00e9 a estrat\u00e9gia principal para preven\u00e7\u00e3o de doen\u00e7as imunopreven\u00edveis. Al\u00e9m do sarampo, outras vacinas dispon\u00edveis nas UBSs e pontos de vacina\u00e7\u00e3o s\u00e3o igualmente importantes. A sa\u00fade p\u00fablica enfatiza a necessidade constante de manter a imuniza\u00e7\u00e3o atualizada, pois v\u00e1rias doen\u00e7as, como caxumba, rub\u00e9ola e coqueluche, ainda podem representar riscos significativos \u00e0 sa\u00fade da popula\u00e7\u00e3o.<\/p>\n<p>A organiza\u00e7\u00e3o acess\u00edvel e a centraliza\u00e7\u00e3o da vacina\u00e7\u00e3o em \u00e1reas estrat\u00e9gicas tamb\u00e9m s\u00e3o t\u00e1ticas fundamentais empregadas pela Prefeitura de S\u00e3o Paulo para engajar a popula\u00e7\u00e3o na busca por prote\u00e7\u00e3o atrav\u00e9s das vacinas. O manejo ativo dessas campanhas de vacina\u00e7\u00e3o visa promover uma sociedade mais saud\u00e1vel e menos exposta a surtos de doen\u00e7as infecciosas.<\/p>\n<h2>Recomenda\u00e7\u00f5es do Minist\u00e9rio da Sa\u00fade<\/h2>\n<p>Os cidad\u00e3os devem observar as diretrizes apresentadas pelo Minist\u00e9rio da Sa\u00fade em rela\u00e7\u00e3o \u00e0 vacina\u00e7\u00e3o. Isso inclui n\u00e3o apenas as frequ\u00eancias necess\u00e1rias, mas tamb\u00e9m as condi\u00e7\u00f5es de sa\u00fade que podem exigir aten\u00e7\u00f5es especiais. O acesso \u00e0 informa\u00e7\u00e3o sobre as vacinas \u00e9 uma responsabilidade compartilhada e, portanto, os cidad\u00e3os s\u00e3o incentivados a buscar conhecimento e consultar profissionais de sa\u00fade sobre suas necessidades espec\u00edficas em rela\u00e7\u00e3o \u00e0s vacinas.<\/p>\n<p>Al\u00e9m disso, recomenda-se que todos se mantenham informados sobre as campanhas de vacina\u00e7\u00e3o e aproveitem a oportunidade para se vacinar sempre que for necess\u00e1rio, garantindo sua pr\u00f3pria sa\u00fade e a sa\u00fade da comunidade como um todo.<\/p>\n<h2>Consulta de Locais e Hor\u00e1rios de Atendimento<\/h2>\n<p>Com a extensa programa\u00e7\u00e3o de vacina\u00e7\u00e3o, os dias e hor\u00e1rios de funcionamento dos pontos de atendimento podem variar. Para garantir um atendimento eficaz, recomenda-se que a popula\u00e7\u00e3o verifique previamente os endere\u00e7os e hor\u00e1rios espec\u00edficos de cada local. A lista completa de locais, com endere\u00e7os e per\u00edodos de atendimento, est\u00e1 dispon\u00edvel no site da Prefeitura de S\u00e3o Paulo.<\/p>\n<p>Assim, os cidad\u00e3os t\u00eam a oportunidade de planejar suas idas a um dos pontos de vacina\u00e7\u00e3o, facilitando a imuniza\u00e7\u00e3o e assegurando que possam receber a prote\u00e7\u00e3o devida contra o sarampo e outras doen\u00e7as.<\/p>\n<p>A vacina\u00e7\u00e3o continua acontecendo tamb\u00e9m nas Unidades B\u00e1sicas de Sa\u00fade (UBSs) para atendimento cont\u00ednuo. A movimenta\u00e7\u00e3o em torno da vacina\u00e7\u00e3o \u00e9 um passo firme para garantir que a popula\u00e7\u00e3o esteja livre de doen\u00e7as preven\u00edveis e, assim, fortalecer a sa\u00fade coletiva da cidade.<\/p>\n\n<div style=\"font-size: 0px; height: 0px; line-height: 0px; margin: 0; padding: 0; clear: both;\"><\/div>","protected":false},"excerpt":{"rendered":"<p>Vacina contra sarampo dispon\u00edvel em shoppings, padarias e mais. Veja onde encontrar!<\/p>\n","protected":false},"author":1,"featured_media":12080,"comment_status":"closed","ping_status":"closed","sticky":false,"template":"","format":"standard","meta":{"footnotes":""},"categories":[32],"tags":[],"class_list":["post-12081","post","type-post","status-publish","format-standard","has-post-thumbnail","hentry","category-saude-itaquera","has_thumb"],"_links":{"self":[{"href":"https:\/\/www.encontraitaquera.com.br\/sobre\/wp-json\/wp\/v2\/posts\/12081","targetHints":{"allow":["GET"]}}],"collection":[{"href":"https:\/\/www.encontraitaquera.com.br\/sobre\/wp-json\/wp\/v2\/posts"}],"about":[{"href":"https:\/\/www.encontraitaquera.com.br\/sobre\/wp-json\/wp\/v2\/types\/post"}],"author":[{"embeddable":true,"href":"https:\/\/www.encontraitaquera.com.br\/sobre\/wp-json\/wp\/v2\/users\/1"}],"replies":[{"embeddable":true,"href":"https:\/\/www.encontraitaquera.com.br\/sobre\/wp-json\/wp\/v2\/comments?post=12081"}],"version-history":[{"count":0,"href":"https:\/\/www.encontraitaquera.com.br\/sobre\/wp-json\/wp\/v2\/posts\/12081\/revisions"}],"wp:featuredmedia":[{"embeddable":true,"href":"https:\/\/www.encontraitaquera.com.br\/sobre\/wp-json\/wp\/v2\/media\/12080"}],"wp:attachment":[{"href":"https:\/\/www.encontraitaquera.com.br\/sobre\/wp-json\/wp\/v2\/media?parent=12081"}],"wp:term":[{"taxonomy":"category","embeddable":true,"href":"https:\/\/www.encontraitaquera.com.br\/sobre\/wp-json\/wp\/v2\/categories?post=12081"},{"taxonomy":"post_tag","embeddable":true,"href":"https:\/\/www.encontraitaquera.com.br\/sobre\/wp-json\/wp\/v2\/tags?post=12081"}],"curies":[{"name":"wp","href":"https:\/\/api.w.org\/{rel}","templated":true}]}}