{"id":12093,"date":"2026-08-26T06:12:45","date_gmt":"2026-08-26T08:12:45","guid":{"rendered":"https:\/\/www.encontraitaquera.com.br\/sobre\/prefeitura-de-sao-paulo-avanca-fase-do-terminal-atracadouro-pedreira-ajusta-brt-aricanduva-e-prorroga-etapa-ambiental-em-itaquera\/"},"modified":"2026-08-26T06:12:45","modified_gmt":"2026-08-26T08:12:45","slug":"prefeitura-de-sao-paulo-avanca-fase-do-terminal-atracadouro-pedreira-ajusta-brt-aricanduva-e-prorroga-etapa-ambiental-em-itaquera","status":"publish","type":"post","link":"https:\/\/www.encontraitaquera.com.br\/sobre\/prefeitura-de-sao-paulo-avanca-fase-do-terminal-atracadouro-pedreira-ajusta-brt-aricanduva-e-prorroga-etapa-ambiental-em-itaquera\/","title":{"rendered":"Prefeitura de S\u00e3o Paulo avan\u00e7a fase do Terminal Atracadouro Pedreira, ajusta BRT Aricanduva e prorroga etapa ambiental em Itaquera"},"content":{"rendered":"<div class=\"f6a401da1b960306e8d5ff784b0b5528\" data-index=\"1\" style=\"float: none; margin:0px;\">\n<!-- Anuncio display - global -->\r\n<ins class=\"adsbygoogle\"\r\n     style=\"display:block\"\r\n     data-ad-client=\"ca-pub-8585364105181520\"\r\n     data-ad-slot=\"8789329856\"\r\n     data-ad-format=\"auto\"\r\n     data-full-width-responsive=\"true\"><\/ins>\r\n<script>\r\n     (adsbygoogle = window.adsbygoogle || []).push({});\r\n<\/script>\n<\/div>\n<h2>O que \u00e9 o Terminal Atracadouro Pedreira?<\/h2>\n<p>O Terminal Atracadouro Pedreira \u00e9 um projeto destacado na moderniza\u00e7\u00e3o e expans\u00e3o do sistema de transporte p\u00fablico em S\u00e3o Paulo. Este terminal faz parte de um plano maior para integrar diferentes modos de transporte, propiciando conectividade entre \u00f4nibus e o sistema Aqu\u00e1tico, que consiste em embarca\u00e7\u00f5es que operam na Represa Billings. A localiza\u00e7\u00e3o estrat\u00e9gica e a moderniza\u00e7\u00e3o das infraestruturas no terminal visam aumentar a efici\u00eancia do transporte p\u00fablico na cidade.<\/p>\n<h2>Como o BRT Aricanduva vai transformar o transporte urbano?<\/h2>\n<p>O BRT Aricanduva representa uma inova\u00e7\u00e3o significativa no cen\u00e1rio do transporte coletivo em S\u00e3o Paulo. Com uma extens\u00e3o planejada de 13,6 quil\u00f4metros, conecta diversas \u00e1reas da capital, absorvendo um grande fluxo de passageiros e otimizando o uso das vias. A implementa\u00e7\u00e3o deste sistema bus rapid transit n\u00e3o apenas reduz o tempo das viagens, mas tamb\u00e9m melhora a qualidade do transporte urbano, promovendo um deslocamento mais r\u00e1pido e agrad\u00e1vel para os usu\u00e1rios. Al\u00e9m disso, a expectativa \u00e9 de que o BRT Aricanduva atenda cerca de 290 mil usu\u00e1rios diariamente, fortalecendo a mobilidade urbana da regi\u00e3o.<\/p>\n<h2>Import\u00e2ncia da integra\u00e7\u00e3o entre modais de transporte<\/h2>\n<p>A interliga\u00e7\u00e3o entre diferentes modais de transporte \u00e9 fundamental para a cria\u00e7\u00e3o de um sistema vi\u00e1vel e eficiente, que possa atender \u00e0 demanda crescente da capital paulista. A integra\u00e7\u00e3o do Terminal Atracadouro Pedreira com o Aqu\u00e1tico e outros corredores de \u00f4nibus, como os de Nossa Senhora do Sabar\u00e1 e Miguel Yunes, potencializa a mobilidade, reduzindo a depend\u00eancia de ve\u00edculos particulares e promovendo uma circula\u00e7\u00e3o mais sustent\u00e1vel. Esta conex\u00e3o tamb\u00e9m incentiva a utiliza\u00e7\u00e3o do transporte p\u00fablico, contribuindo para a diminui\u00e7\u00e3o do tr\u00e1fego e da polui\u00e7\u00e3o.<\/p>\n<p><img decoding=\"async\" src=\"https:\/\/www.encontraitaquera.com.br\/sobre\/wp-content\/uploads\/2026\/08\/prefeitura-de-sao-paulo-avanca-fase-do-terminal-atracadouro-pedreira-ajusta-brt-aricanduva-e-prorrog.webp\" alt=\"transporte em S\u00e3o Paulo\" loading=\"lazy\" \/><\/p>\n<h2>A expans\u00e3o da infraestrutura de transporte na Zona Leste<\/h2>\n<p>A Zona Leste de S\u00e3o Paulo tem passado por uma s\u00e9rie de melhorias em sua infraestrutura de transporte. Iniciativas como a constru\u00e7\u00e3o do Terminal Pedreira e o avan\u00e7o das obras do BRT Aricanduva s\u00e3o parte de um plano de revitaliza\u00e7\u00e3o que objetiva modernizar o transporte coletivo na regi\u00e3o, proporcionando mais op\u00e7\u00f5es e melhorando a acessibilidade para os moradores. Esta expans\u00e3o resulta em um impacto positivo tanto na mobilidade urbana quanto na qualidade de vida da popula\u00e7\u00e3o local.<\/p>\n<h2>Impactos ambientais das obras e as medidas de compensa\u00e7\u00e3o<\/h2>\n<p>O desenvolvimento de projetos de grande escala, como o Terminal Atracadouro Pedreira e o BRT Aricanduva, naturalmente suscita preocupa\u00e7\u00f5es ambientais. No entanto, a Prefeitura de S\u00e3o Paulo, em conson\u00e2ncia com regulamenta\u00e7\u00f5es ambientais, estabeleceu compromissos para mitigar os impactos das obras. O manejo arb\u00f3reo e outras compensa\u00e7\u00f5es ambientais s\u00e3o parte das medidas adotadas para garantir que o ecossistema local permane\u00e7a protegido durante a constru\u00e7\u00e3o e opera\u00e7\u00e3o das novas estruturas.<\/p>\n<h2>Benef\u00edcios esperados para a popula\u00e7\u00e3o local<\/h2>\n<p>Os benef\u00edcios esperados com as novas integra\u00e7\u00f5es e expans\u00f5es no sistema de transporte s\u00e3o significativos. Al\u00e9m do aumento do n\u00famero de passageiros transportados diariamente, o novo terminal deve reduzir o tempo de deslocamento, proporcionando mais conforto aos usu\u00e1rios. Espera-se tamb\u00e9m um maior uso do transporte p\u00fablico, o que pode contribuir para a redu\u00e7\u00e3o das emiss\u00f5es de carbono na atmosfera do munic\u00edpio. O acesso a diferentes modais de transporte, com integra\u00e7\u00e3o e qualidade, resultar\u00e1 em um impacto positivo que abrange as dimens\u00f5es econ\u00f4micas, sociais e ambientais da regi\u00e3o.<\/p>\n<h2>Cronograma das obras e expectativas de entrega<\/h2>\n<p>O cronograma das obras do BRT Aricanduva e do Terminal Atracadouro Pedreira \u00e9 ambicioso, com prazos definidos para sua conclus\u00e3o. As obras do BRT come\u00e7aram em agosto de 2026, com previs\u00e3o de entrega para o in\u00edcio de 2028. Essa programa\u00e7\u00e3o rigorosa \u00e9 fundamental para garantir que os benef\u00edcios do novo sistema de transporte sejam entregues \u00e0 popula\u00e7\u00e3o o mais cedo poss\u00edvel. A administra\u00e7\u00e3o municipal est\u00e1 comprometida com o cumprimento desses prazos, assegurando que os impactos sobre a mobilidade sejam sentidos rapidamente.<\/p>\n<h2>Desafios enfrentados na implementa\u00e7\u00e3o do projeto<\/h2>\n<p>Implementar um projeto de tal magnitude n\u00e3o vem sem desafios. Entre os principais obst\u00e1culos est\u00e3o quest\u00f5es administrativas, como desapropria\u00e7\u00f5es e adequa\u00e7\u00f5es contratuais, al\u00e9m dos aspectos t\u00e9cnicos relacionados \u00e0 constru\u00e7\u00e3o em \u00e1reas urbanas densamente povoadas. A solu\u00e7\u00e3o desses desafios requer um planejamento cuidadoso e a colabora\u00e7\u00e3o entre diferentes \u00f3rg\u00e3os da administra\u00e7\u00e3o p\u00fablica e as empresas envolvidas nas obras. Superar essas dificuldades \u00e9 crucial para o sucesso do projeto e a satisfa\u00e7\u00e3o dos usu\u00e1rios finais.<\/p>\n<h2>Conex\u00f5es com outras linhas de transporte<\/h2>\n<p>A conectividade do BRT Aricanduva e do Terminal Atracadouro Pedreira com outras linhas de transporte, como o Metr\u00f4 e a CPTM, \u00e9 uma parte vital do planejamento. Essas conex\u00f5es n\u00e3o apenas facilitam o deslocamento entre diferentes regi\u00f5es da cidade, mas tamb\u00e9m criam uma rede de transporte mais coesa e eficiente. A Prefeitura projeta que essa articula\u00e7\u00e3o entre modais aumentar\u00e1 a efici\u00eancia do sistema como um todo e atender\u00e1 melhor as necessidades da popula\u00e7\u00e3o.<\/p>\n<h2>O futuro da mobilidade urbana em S\u00e3o Paulo<\/h2>\n<p>O futuro da mobilidade urbana em S\u00e3o Paulo est\u00e1 diretamente vinculado a projetos como o Terminal Atracadouro Pedreira e o BRT Aricanduva. A moderniza\u00e7\u00e3o e a amplia\u00e7\u00e3o do transporte p\u00fablico visam atender a crescente demanda dos habitantes e propiciar uma alternativa sustent\u00e1vel para a mobilidade. Com essa expans\u00e3o, espera-se aumentar a efici\u00eancia, a integra\u00e7\u00e3o e a acessibilidade do sistema de transporte, tornando S\u00e3o Paulo uma cidade ainda mais conectada e eficiente para seus cidad\u00e3os.<\/p>\n\n<div style=\"font-size: 0px; height: 0px; line-height: 0px; margin: 0; padding: 0; clear: both;\"><\/div>","protected":false},"excerpt":{"rendered":"<p>Descubra os novos avan\u00e7os na infraestrutura do transporte em S\u00e3o Paulo, incluindo o Terminal Pedreira e o BRT Aricanduva.<\/p>\n","protected":false},"author":1,"featured_media":12092,"comment_status":"closed","ping_status":"closed","sticky":false,"template":"","format":"standard","meta":{"footnotes":""},"categories":[6],"tags":[],"class_list":["post-12093","post","type-post","status-publish","format-standard","has-post-thumbnail","hentry","category-noticias-itaquera","has_thumb"],"_links":{"self":[{"href":"https:\/\/www.encontraitaquera.com.br\/sobre\/wp-json\/wp\/v2\/posts\/12093","targetHints":{"allow":["GET"]}}],"collection":[{"href":"https:\/\/www.encontraitaquera.com.br\/sobre\/wp-json\/wp\/v2\/posts"}],"about":[{"href":"https:\/\/www.encontraitaquera.com.br\/sobre\/wp-json\/wp\/v2\/types\/post"}],"author":[{"embeddable":true,"href":"https:\/\/www.encontraitaquera.com.br\/sobre\/wp-json\/wp\/v2\/users\/1"}],"replies":[{"embeddable":true,"href":"https:\/\/www.encontraitaquera.com.br\/sobre\/wp-json\/wp\/v2\/comments?post=12093"}],"version-history":[{"count":0,"href":"https:\/\/www.encontraitaquera.com.br\/sobre\/wp-json\/wp\/v2\/posts\/12093\/revisions"}],"wp:featuredmedia":[{"embeddable":true,"href":"https:\/\/www.encontraitaquera.com.br\/sobre\/wp-json\/wp\/v2\/media\/12092"}],"wp:attachment":[{"href":"https:\/\/www.encontraitaquera.com.br\/sobre\/wp-json\/wp\/v2\/media?parent=12093"}],"wp:term":[{"taxonomy":"category","embeddable":true,"href":"https:\/\/www.encontraitaquera.com.br\/sobre\/wp-json\/wp\/v2\/categories?post=12093"},{"taxonomy":"post_tag","embeddable":true,"href":"https:\/\/www.encontraitaquera.com.br\/sobre\/wp-json\/wp\/v2\/tags?post=12093"}],"curies":[{"name":"wp","href":"https:\/\/api.w.org\/{rel}","templated":true}]}}