{"id":1613,"date":"2012-04-10T10:25:07","date_gmt":"2012-04-10T12:25:07","guid":{"rendered":"http:\/\/www.encontraitaquera.com.br\/noticias\/?p=1613"},"modified":"2019-04-12T18:50:23","modified_gmt":"2019-04-12T20:50:23","slug":"obra-social-dom-bosco-sediou-encontro-comunitario-em-itaquera","status":"publish","type":"post","link":"https:\/\/www.encontraitaquera.com.br\/sobre\/obra-social-dom-bosco-sediou-encontro-comunitario-em-itaquera\/","title":{"rendered":"Obra Social Dom Bosco sediou Encontro Comunit\u00e1rio em Itaquera"},"content":{"rendered":"<div class=\"f6a401da1b960306e8d5ff784b0b5528\" data-index=\"1\" style=\"float: none; margin:0px;\">\n<!-- Anuncio display - global -->\r\n<ins class=\"adsbygoogle\"\r\n     style=\"display:block\"\r\n     data-ad-client=\"ca-pub-8585364105181520\"\r\n     data-ad-slot=\"8789329856\"\r\n     data-ad-format=\"auto\"\r\n     data-full-width-responsive=\"true\"><\/ins>\r\n<script>\r\n     (adsbygoogle = window.adsbygoogle || []).push({});\r\n<\/script>\n<\/div>\n<p>No dia 03 de abril, a Obra Social Dom Bosco sediou o 1\u00ba Encontro Comunit\u00e1rio da Unidade de Gerenciamento Regional (UGR) de Itaquera da Sabesp.<\/p>\n<p>O evento fez parte do programa Agente da gente \u2013 Sabesp na comunidade, uma iniciativa da empresa que tem como objetivo a sustentabilidade socioecon\u00f4mica, a participa\u00e7\u00e3o comunit\u00e1ria e a educa\u00e7\u00e3o ambiental.<\/p>\n<p>Padre Rosalvino Moran Vi\u00f1ayo, diretor tesoureiro da Obra Social Dom Bosco, realizou a abertura do encontro: \u201cA Sabesp \u00e9 muito importante para S\u00e3o Paulo. Quando cheguei aqui em Itaquera, s\u00f3 tinha \u00e1gua uma vez por semana, e veja como est\u00e1 agora\u201d, comentou.<\/p>\n<p>Estiveram presentes no encontro, o subprefeito de Itaquera, Paulo M\u00e1ximo, o chefe de gabinete da presid\u00eancia da Sabesp, Luiz Fernando Guimar\u00e3es, o superintendente da UGR Itaquera, M\u00e1rcio Gon\u00e7alves de Oliveira, al\u00e9m de l\u00edderes comunit\u00e1rios e representantes da sociedade civil.<\/p>\n<p>Cerca de 200 pessoas de Itaquera, Cidade Tiradentes, Guaianazes, Artur Alvim e do bairro da Penha estiveram presentes e receberam informa\u00e7\u00f5es sobre o fornecimento e a distribui\u00e7\u00e3o da \u00e1gua na regi\u00e3o, al\u00e9m de terem a oportunidade de conversar com os funcion\u00e1rios da Sabesp para fazer reclama\u00e7\u00f5es e tirar d\u00favidas.<\/p>\n<p>\u201cEstamos aqui para fazer a nossa presta\u00e7\u00e3o de contas, para ouvir a comunidade e ver no que podemos melhorar\u201d, afirmou Luiz Fernando Guimar\u00e3es, que aproveitou a oportunidade para conhecer as instala\u00e7\u00f5es da Obra Social Dom Bosco.<\/p>\n<p>No fim da reuni\u00e3o, Luiz Fernando e demais representantes da Sabesp plantaram mudas de \u00e1rvores no terreno da Obra, como a\u00e7\u00e3o do projeto Abra\u00e7o Verde.<\/p>\n<p>Os educandos do Centro de Desenvolvimento Social e Produtivo (CEDESP), dos cursos de t\u00e9cnicas administrativas e gastronomia, participaram da organiza\u00e7\u00e3o do evento, atuando na recep\u00e7\u00e3o dos convidados e na prepara\u00e7\u00e3o e servi\u00e7o do caf\u00e9 especial.<\/p>\n\n<div style=\"font-size: 0px; height: 0px; line-height: 0px; margin: 0; padding: 0; clear: both;\"><\/div>","protected":false},"excerpt":{"rendered":"<p>No dia 03 de abril, a Obra Social Dom Bosco sediou o 1\u00ba Encontro Comunit\u00e1rio da Unidade de Gerenciamento Regional (UGR) de Itaquera da Sabesp. O evento fez parte do programa Agente da gente \u2013 Sabesp na comunidade, uma iniciativa da empresa que tem como objetivo a sustentabilidade socioecon\u00f4mica, a participa\u00e7\u00e3o comunit\u00e1ria e a educa\u00e7\u00e3o ambiental. Padre Rosalvino Moran Vi\u00f1ayo, diretor tesoureiro da Obra Social Dom Bosco, realizou a abertura do encontro: \u201cA Sabesp \u00e9 muito importante para S\u00e3o Paulo. Quando cheguei aqui em Itaquera, s\u00f3 tinha \u00e1gua uma vez por semana, e veja como est\u00e1 agora\u201d, comentou. Estiveram presentes <\/p>\n","protected":false},"author":1,"featured_media":0,"comment_status":"open","ping_status":"closed","sticky":false,"template":"","format":"standard","meta":{"footnotes":""},"categories":[6],"tags":[],"class_list":["post-1613","post","type-post","status-publish","format-standard","hentry","category-noticias-itaquera"],"_links":{"self":[{"href":"https:\/\/www.encontraitaquera.com.br\/sobre\/wp-json\/wp\/v2\/posts\/1613","targetHints":{"allow":["GET"]}}],"collection":[{"href":"https:\/\/www.encontraitaquera.com.br\/sobre\/wp-json\/wp\/v2\/posts"}],"about":[{"href":"https:\/\/www.encontraitaquera.com.br\/sobre\/wp-json\/wp\/v2\/types\/post"}],"author":[{"embeddable":true,"href":"https:\/\/www.encontraitaquera.com.br\/sobre\/wp-json\/wp\/v2\/users\/1"}],"replies":[{"embeddable":true,"href":"https:\/\/www.encontraitaquera.com.br\/sobre\/wp-json\/wp\/v2\/comments?post=1613"}],"version-history":[{"count":1,"href":"https:\/\/www.encontraitaquera.com.br\/sobre\/wp-json\/wp\/v2\/posts\/1613\/revisions"}],"predecessor-version":[{"id":9939,"href":"https:\/\/www.encontraitaquera.com.br\/sobre\/wp-json\/wp\/v2\/posts\/1613\/revisions\/9939"}],"wp:attachment":[{"href":"https:\/\/www.encontraitaquera.com.br\/sobre\/wp-json\/wp\/v2\/media?parent=1613"}],"wp:term":[{"taxonomy":"category","embeddable":true,"href":"https:\/\/www.encontraitaquera.com.br\/sobre\/wp-json\/wp\/v2\/categories?post=1613"},{"taxonomy":"post_tag","embeddable":true,"href":"https:\/\/www.encontraitaquera.com.br\/sobre\/wp-json\/wp\/v2\/tags?post=1613"}],"curies":[{"name":"wp","href":"https:\/\/api.w.org\/{rel}","templated":true}]}}