{"id":255,"date":"2011-03-03T15:36:53","date_gmt":"2011-03-03T17:36:53","guid":{"rendered":"http:\/\/www.encontraitaquera.com.br\/noticias\/?p=255"},"modified":"2019-04-12T18:54:44","modified_gmt":"2019-04-12T20:54:44","slug":"vila-prudente-e-itaquera-ganharam-novos-espacos-culturais-em-2011","status":"publish","type":"post","link":"https:\/\/www.encontraitaquera.com.br\/sobre\/vila-prudente-e-itaquera-ganharam-novos-espacos-culturais-em-2011\/","title":{"rendered":"Vila Prudente e Itaquera ganharam novos espa\u00e7os culturais em 2011"},"content":{"rendered":"<div class=\"f6a401da1b960306e8d5ff784b0b5528\" data-index=\"1\" style=\"float: none; margin:0px;\">\n<!-- Anuncio display - global -->\r\n<ins class=\"adsbygoogle\"\r\n     style=\"display:block\"\r\n     data-ad-client=\"ca-pub-8585364105181520\"\r\n     data-ad-slot=\"8789329856\"\r\n     data-ad-format=\"auto\"\r\n     data-full-width-responsive=\"true\"><\/ins>\r\n<script>\r\n     (adsbygoogle = window.adsbygoogle || []).push({});\r\n<\/script>\n<\/div>\n<p>Com alguns de seus maiores teatros fechados, como o Cultura  Art\u00edstica, a  oferta de salas na cidade fica ainda mais reduzida. O  quadro dificulta,  especialmente, a circula\u00e7\u00e3o de grandes produ\u00e7\u00f5es. Mas  muitos s\u00e3o os  locais que devem reabrir ainda neste ano &#8211; prefeitura e  governo do  Estado prometem entregar ao menos tr\u00eas teatros reformados  at\u00e9 junho &#8211; e  h\u00e1 tamb\u00e9m novos espa\u00e7os previstos.<\/p>\n<p>Ambiciosa, por\u00e9m sem data certa para sair do papel, \u00e9 a proposta  de  constru\u00e7\u00e3o do Complexo de Dan\u00e7a Nova Luz. Assinado pelo escrit\u00f3rio  su\u00ed\u00e7o  Herzog &amp; De Meuron, o projeto contempla a constru\u00e7\u00e3o de tr\u00eas  salas,  para atender a diferentes formatos de espet\u00e1culos, e com  capacidade de  receber quase 3.000 espectadores: um teatro para  montagens de dan\u00e7a e  \u00f3pera, com 1.750 lugares, uma sala para recitais e  pe\u00e7as de teatro de  prosa, com 600 lugares, e um teatro experimental,  que pode receber  v\u00e1rias configura\u00e7\u00f5es de palco e abrigar at\u00e9 400  espectadores.<\/p>\n<p>Com 100 mil m\u00b2 de \u00e1rea constru\u00edda, o teatro deveria  ser conclu\u00eddo em  dezembro de 2015. Desde o in\u00edcio deste ano, por\u00e9m, \u00e9  incerto o destino  do complexo. De acordo com a secretaria de Estado da  Cultura, a proposta  or\u00e7ada em R$ 600 milh\u00f5es ainda aguarda an\u00e1lise do  governador Geraldo  Alckmin. Atualmente, n\u00e3o se sabe quando as obras v\u00e3o  come\u00e7ar, nem se o  projeto ser\u00e1, de fato, realizado.<\/p>\n<p>Tamb\u00e9m no  centro da cidade, dois cinemas antigos devem se transformar  em salas de  espet\u00e1culos de grandes propor\u00e7\u00f5es. A Secretaria Municipal  de Cultura  planeja comprar e reformar o cine Marrocos, que se  converteria em  teatro para cerca de 1.500 pessoas, e o cine Art Pal\u00e1cio.  O espa\u00e7o, que  atualmente funciona como cinema porn\u00f4, j\u00e1 est\u00e1 em fase  final de  desapropria\u00e7\u00e3o pela Prefeitura. A inten\u00e7\u00e3o \u00e9 transform\u00e1-lo em  uma sala  nos moldes do Radio City Music Hall, de Nova York, destinado a  shows,  musicais e operetas.<\/p>\n<p>O arquiteto respons\u00e1vel pela futura  interven\u00e7\u00e3o no Art Pal\u00e1cio \u00e9  Paulo Bruna, o mesmo que assina o projeto  de reconstru\u00e7\u00e3o do Cultura  Art\u00edstica. Depois do inc\u00eandio que destruiu  completamente sua estrutura,  em 2008, o teatro ainda busca recursos  para se reerguer.<\/p>\n<p>A primeira etapa do projeto, que prev\u00ea o  restauro do painel de Di  Cavalcanti est\u00e1 prestes a ser conclu\u00edda. A  segunda parte deve come\u00e7ar em  breve. Os 75 milh\u00f5es necess\u00e1rios para a  reforma total do pr\u00e9dio, por\u00e9m,  ainda n\u00e3o est\u00e3o assegurados.  Inicialmente, a inten\u00e7\u00e3o era entregar o  novo teatro em 2012, ano do  centen\u00e1rio da Sociedade de Cultura  Art\u00edstica. Mas a pr\u00f3pria entidade j\u00e1  admite que ser\u00e1 dif\u00edcil cumprir o  prazo.<\/p>\n<p>Enquanto as obras de  grande porte n\u00e3o ficam prontas, projetos menores  tentam dar conta da  demanda. Ainda no primeiro semestre, ser\u00e3o  inauguradas duas unidades do  Sesc. No Sesc Bom Retiro e Santo Amaro,   haver\u00e1 teatros com capacidade para cerca de 300 espectadores, cada um.   Bem pr\u00f3ximo ao Sesc Bom Retiro, tamb\u00e9m ser\u00e1 aberto, em abril, o  complexo  Salesiano, com tr\u00eas novas salas: o Teatro Grande Otelo, com  700  lugares, o Anfiteatro Elias Andreato, para 70 pessoas, e um por\u00e3o,  que  acomoda 60 espectadores e deve receber companhias de repert\u00f3rio. &#8220;A   inten\u00e7\u00e3o \u00e9 funcionar a semana inteira, de ter\u00e7a a domingo&#8221;, informa o   diretor de Programa\u00e7\u00e3o, Luciano Mattos.<\/p>\n<p>Espa\u00e7os j\u00e1 existentes  tamb\u00e9m v\u00e3o ganhar refor\u00e7o. Neste m\u00eas, o Teatro  Vivo transforma-se em  espa\u00e7o cultural. Deve come\u00e7ar a receber  programa\u00e7\u00e3o infantil, al\u00e9m de  manter os espet\u00e1culos de teatro adulto, e  ganhar um segundo espa\u00e7o,  para acolher montagens experimentais.<\/p>\n<p>Uma das poucas salas da  cidade com capacidade para receber grandes  montagens, inclusive  musicais, o S\u00e9rgio Cardoso ser\u00e1 reaberto em junho.  Em reforma desde  agosto de 2010, a sala ganhou novos sistemas el\u00e9trico,  de ventila\u00e7\u00e3o e  de ilumina\u00e7\u00e3o. Tamb\u00e9m houve melhorias nos camarins, nas  poltronas e nos  ambientes de circula\u00e7\u00e3o.<\/p>\n<p>Tamb\u00e9m devem reabrir de cara nova os teatros Alfredo Mesquita, em  Santana, e Martins Penna, na Penha.  Segundo a Secretaria Municipal de  Cultura, que administra as salas,  ambas devem reabrir em junho, ap\u00f3s  receberem sistema de ar  condicionado, tratamento ac\u00fastico, c\u00eanico e  obras de acessibilidade. A  pasta tamb\u00e9m anuncia para 2011 a constru\u00e7\u00e3o  de novos espa\u00e7os teatrais  em Vila Prudente e Itaquera. Al\u00e9m disso,  promete entregar, at\u00e9 o fim do ano, um centro cultural em Cidade  Tiradentes.<\/p>\n<p><em>Fonte: O Estado de S. Paulo<\/em><\/p>\n\n<div style=\"font-size: 0px; height: 0px; line-height: 0px; margin: 0; padding: 0; clear: both;\"><\/div>","protected":false},"excerpt":{"rendered":"<p>Com alguns de seus maiores teatros fechados, como o Cultura Art\u00edstica, a oferta de salas na cidade fica ainda mais reduzida. O quadro dificulta, especialmente, a circula\u00e7\u00e3o de grandes produ\u00e7\u00f5es. Mas muitos s\u00e3o os locais que devem reabrir ainda neste ano &#8211; prefeitura e governo do Estado prometem entregar ao menos tr\u00eas teatros reformados at\u00e9 junho &#8211; e h\u00e1 tamb\u00e9m novos espa\u00e7os previstos. Ambiciosa, por\u00e9m sem data certa para sair do papel, \u00e9 a proposta de constru\u00e7\u00e3o do Complexo de Dan\u00e7a Nova Luz. Assinado pelo escrit\u00f3rio su\u00ed\u00e7o Herzog &amp; De Meuron, o projeto contempla a constru\u00e7\u00e3o de tr\u00eas salas, para <\/p>\n","protected":false},"author":1,"featured_media":0,"comment_status":"open","ping_status":"closed","sticky":false,"template":"","format":"standard","meta":{"footnotes":""},"categories":[6],"tags":[],"class_list":["post-255","post","type-post","status-publish","format-standard","hentry","category-noticias-itaquera"],"_links":{"self":[{"href":"https:\/\/www.encontraitaquera.com.br\/sobre\/wp-json\/wp\/v2\/posts\/255","targetHints":{"allow":["GET"]}}],"collection":[{"href":"https:\/\/www.encontraitaquera.com.br\/sobre\/wp-json\/wp\/v2\/posts"}],"about":[{"href":"https:\/\/www.encontraitaquera.com.br\/sobre\/wp-json\/wp\/v2\/types\/post"}],"author":[{"embeddable":true,"href":"https:\/\/www.encontraitaquera.com.br\/sobre\/wp-json\/wp\/v2\/users\/1"}],"replies":[{"embeddable":true,"href":"https:\/\/www.encontraitaquera.com.br\/sobre\/wp-json\/wp\/v2\/comments?post=255"}],"version-history":[{"count":1,"href":"https:\/\/www.encontraitaquera.com.br\/sobre\/wp-json\/wp\/v2\/posts\/255\/revisions"}],"predecessor-version":[{"id":10818,"href":"https:\/\/www.encontraitaquera.com.br\/sobre\/wp-json\/wp\/v2\/posts\/255\/revisions\/10818"}],"wp:attachment":[{"href":"https:\/\/www.encontraitaquera.com.br\/sobre\/wp-json\/wp\/v2\/media?parent=255"}],"wp:term":[{"taxonomy":"category","embeddable":true,"href":"https:\/\/www.encontraitaquera.com.br\/sobre\/wp-json\/wp\/v2\/categories?post=255"},{"taxonomy":"post_tag","embeddable":true,"href":"https:\/\/www.encontraitaquera.com.br\/sobre\/wp-json\/wp\/v2\/tags?post=255"}],"curies":[{"name":"wp","href":"https:\/\/api.w.org\/{rel}","templated":true}]}}