{"id":329,"date":"2011-03-29T07:36:02","date_gmt":"2011-03-29T09:36:02","guid":{"rendered":"http:\/\/www.encontraitaquera.com.br\/noticias\/?p=329"},"modified":"2019-04-12T18:54:42","modified_gmt":"2019-04-12T20:54:42","slug":"cemiterio-de-itaquera-sera-recapeado","status":"publish","type":"post","link":"https:\/\/www.encontraitaquera.com.br\/sobre\/cemiterio-de-itaquera-sera-recapeado\/","title":{"rendered":"Cemit\u00e9rio de Itaquera ser\u00e1 recapeado"},"content":{"rendered":"<div class=\"f6a401da1b960306e8d5ff784b0b5528\" data-index=\"1\" style=\"float: none; margin:0px;\">\n<!-- Anuncio display - global -->\r\n<ins class=\"adsbygoogle\"\r\n     style=\"display:block\"\r\n     data-ad-client=\"ca-pub-8585364105181520\"\r\n     data-ad-slot=\"8789329856\"\r\n     data-ad-format=\"auto\"\r\n     data-full-width-responsive=\"true\"><\/ins>\r\n<script>\r\n     (adsbygoogle = window.adsbygoogle || []).push({});\r\n<\/script>\n<\/div>\n<p>Segundo a Secretaria de Coordena\u00e7\u00e3o das Subprefeituras, seis cemit\u00e9rios  municipais\u00a0ser\u00e3o recapeados nos pr\u00f3ximos meses. As obras devem acontecer  nas unidades Vila Nova Cachoeirinha, Vila Formosa 1 e 2, Lajeado,  Saudade e Itaquera.<\/p>\n<p>Com investimento estimado em R$ 15,5 milh\u00f5es, os projetos ser\u00e3o  licitados a partir de abril e as obras devem come\u00e7ar ainda este  semestre. A determina\u00e7\u00e3o foi publicada no Di\u00e1rio Oficial da Cidade nesta  sexta-feira (25).<\/p>\n<p>Junto com o recapeamento, um pacote de obras deve ser definido. Entre as  interven\u00e7\u00f5es previstas est\u00e1 a constru\u00e7\u00e3o de novos galp\u00f5es nos  cemit\u00e9rios da Vila Nova Cachoeirinha e da Vila Formosa para abrigar a  \u00e1rea administrativa. A publica\u00e7\u00e3o tamb\u00e9m prev\u00ea um pr\u00e9dio para vel\u00f3rios  no cremat\u00f3rio da Vila Alpina, um dos maiores do mundo.<\/p>\n<p><em>Fonte: R7<\/em><\/p>\n\n<div style=\"font-size: 0px; height: 0px; line-height: 0px; margin: 0; padding: 0; clear: both;\"><\/div>","protected":false},"excerpt":{"rendered":"<p>Segundo a Secretaria de Coordena\u00e7\u00e3o das Subprefeituras, seis cemit\u00e9rios municipais\u00a0ser\u00e3o recapeados nos pr\u00f3ximos meses. As obras devem acontecer nas unidades Vila Nova Cachoeirinha, Vila Formosa 1 e 2, Lajeado, Saudade e Itaquera. Com investimento estimado em R$ 15,5 milh\u00f5es, os projetos ser\u00e3o licitados a partir de abril e as obras devem come\u00e7ar ainda este semestre. A determina\u00e7\u00e3o foi publicada no Di\u00e1rio Oficial da Cidade nesta sexta-feira (25). Junto com o recapeamento, um pacote de obras deve ser definido. Entre as interven\u00e7\u00f5es previstas est\u00e1 a constru\u00e7\u00e3o de novos galp\u00f5es nos cemit\u00e9rios da Vila Nova Cachoeirinha e da Vila Formosa para abrigar <\/p>\n","protected":false},"author":1,"featured_media":0,"comment_status":"open","ping_status":"closed","sticky":false,"template":"","format":"standard","meta":{"footnotes":""},"categories":[6],"tags":[],"class_list":["post-329","post","type-post","status-publish","format-standard","hentry","category-noticias-itaquera"],"_links":{"self":[{"href":"https:\/\/www.encontraitaquera.com.br\/sobre\/wp-json\/wp\/v2\/posts\/329","targetHints":{"allow":["GET"]}}],"collection":[{"href":"https:\/\/www.encontraitaquera.com.br\/sobre\/wp-json\/wp\/v2\/posts"}],"about":[{"href":"https:\/\/www.encontraitaquera.com.br\/sobre\/wp-json\/wp\/v2\/types\/post"}],"author":[{"embeddable":true,"href":"https:\/\/www.encontraitaquera.com.br\/sobre\/wp-json\/wp\/v2\/users\/1"}],"replies":[{"embeddable":true,"href":"https:\/\/www.encontraitaquera.com.br\/sobre\/wp-json\/wp\/v2\/comments?post=329"}],"version-history":[{"count":1,"href":"https:\/\/www.encontraitaquera.com.br\/sobre\/wp-json\/wp\/v2\/posts\/329\/revisions"}],"predecessor-version":[{"id":10792,"href":"https:\/\/www.encontraitaquera.com.br\/sobre\/wp-json\/wp\/v2\/posts\/329\/revisions\/10792"}],"wp:attachment":[{"href":"https:\/\/www.encontraitaquera.com.br\/sobre\/wp-json\/wp\/v2\/media?parent=329"}],"wp:term":[{"taxonomy":"category","embeddable":true,"href":"https:\/\/www.encontraitaquera.com.br\/sobre\/wp-json\/wp\/v2\/categories?post=329"},{"taxonomy":"post_tag","embeddable":true,"href":"https:\/\/www.encontraitaquera.com.br\/sobre\/wp-json\/wp\/v2\/tags?post=329"}],"curies":[{"name":"wp","href":"https:\/\/api.w.org\/{rel}","templated":true}]}}