{"id":638,"date":"2011-07-01T13:55:06","date_gmt":"2011-07-01T15:55:06","guid":{"rendered":"http:\/\/www.encontraitaquera.com.br\/noticias\/?p=638"},"modified":"2019-04-12T18:53:05","modified_gmt":"2019-04-12T20:53:05","slug":"paralamas-do-sucesso-faz-show-de-graca-em-itaquera","status":"publish","type":"post","link":"https:\/\/www.encontraitaquera.com.br\/sobre\/paralamas-do-sucesso-faz-show-de-graca-em-itaquera\/","title":{"rendered":"Paralamas do Sucesso faz show de gra\u00e7a em Itaquera"},"content":{"rendered":"<div class=\"f6a401da1b960306e8d5ff784b0b5528\" data-index=\"1\" style=\"float: none; margin:0px;\">\n<!-- Anuncio display - global -->\r\n<ins class=\"adsbygoogle\"\r\n     style=\"display:block\"\r\n     data-ad-client=\"ca-pub-8585364105181520\"\r\n     data-ad-slot=\"8789329856\"\r\n     data-ad-format=\"auto\"\r\n     data-full-width-responsive=\"true\"><\/ins>\r\n<script>\r\n     (adsbygoogle = window.adsbygoogle || []).push({});\r\n<\/script>\n<\/div>\n<p>A banda de rock Paralamas do Sucesso \u00e9 uma das atra\u00e7\u00f5es do fim de  semana em S\u00e3o Paulo. Eles se apresentam, de gra\u00e7a, no Sesc Itaquera, na  Zona Leste, neste domingo (3), a partir das 15h. As festas juninas  continuam. Em Mau\u00e1, as atra\u00e7\u00f5es acabam neste domingo com show do Sampa  Crew; na Portuguesa, shows com Belo e Michel Tel\u00f3. O grupo de reggae  Planta e Raiz se apresenta na Festa Junina do Corinthians.<\/p>\n<p>Confira todas as atra\u00e7\u00f5es da Agenda Cultural do SPTV:<\/p>\n<p><strong>Barbatuques &#8211; Espet\u00e1culo Tum P\u00e1<\/strong><br \/>\nTUCARENA &#8211; PUC<br \/>\nRua Monte Alegre, 1024 &#8211; Entrada pela Rua Bartira &#8211; Perdizes<br \/>\nS\u00e1bado e domingo, \u00e0s 16h &#8211; At\u00e9 07 de agosto<br \/>\nIngressos: R$ 20<br \/>\nClassifica\u00e7\u00e3o indicativa: livre<br \/>\nInforma\u00e7\u00f5es: 4003-1212<\/p>\n<p><strong>Paralamas do Sucesso<\/strong><br \/>\n<a href=\"http:\/\/www.encontraitaquera.com.br\/noticias\/sesc-itaquera.shtml\" target=\"_blank\">Sesc Itaquera<\/a><br \/>\nAv. Fernando do Esp\u00edrito Santo Alves de Mattos, 1000 &#8211; Bairro Itaquera<br \/>\n03 de julho, \u00e0s 15h<br \/>\nIngressos: R$ 1,50 a R$ 7<br \/>\nClassifica\u00e7\u00e3o indicativa: livre<br \/>\nInforma\u00e7\u00f5es: 2523-9200<\/p>\n<p><strong>Frejat<\/strong><br \/>\nCitibank Hall<br \/>\nAv. Jamaris, 213 &#8211; Moema<br \/>\n02 de julho, \u00e0s 22h<br \/>\nIngressos: R$ 50 a 120<br \/>\nClassifica\u00e7\u00e3o indicativa: 14 anos<br \/>\nInforma\u00e7\u00f5es: 4003-6464<\/p>\n<p><strong>Dudu Nobre<\/strong><br \/>\nSantana Hall<br \/>\nAvenida Cruzeiro do Sul, 2737 &#8211; Santana<br \/>\n01 de julho, a partir das 22h<br \/>\nIngressos: R$ 15 a R$ 25<br \/>\nClassifica\u00e7\u00e3o indicativa: 18 anos<br \/>\nInforma\u00e7\u00f5es: 2221-0855<\/p>\n<p><strong>27\u00aa Festa Junina de Mau\u00e1<\/strong><br \/>\nEstacionamento do Pa\u00e7o Municipal<br \/>\nRua Vitorino Dell&#8217;Antonia, Vila N\u00f4emia &#8211; cidade Mau\u00e1<br \/>\nSexta, s\u00e1bado e domingo, a partir das 19h<br \/>\nIngressos: gr\u00e1tis<br \/>\nClassifica\u00e7\u00e3o indicativa: livre<\/p>\n<p><strong>Festa Junina da Portuguesa<\/strong><br \/>\nClube da Portuguesa<br \/>\nRua Comendador Nestor Pereira, 33 &#8211; Canind\u00e9<br \/>\nS\u00e1bados e domingos, a partir das 19h &#8211; At\u00e9 10 de julho<br \/>\nIngressos: R$ 20 a R$ 30<br \/>\nClassifica\u00e7\u00e3o indicativa: livre<br \/>\nInforma\u00e7\u00f5es: 2125-9400<\/p>\n<p><strong>Festa Junina Corinthians<\/strong><br \/>\nRua S\u00e3o Jorge, 777 &#8211; Tatuap\u00e9<br \/>\nSexta, s\u00e1bado e domingo, das 18h \u00e0 meia-noite<br \/>\nIngressos: R$10 a R$ 20<br \/>\nClassifica\u00e7\u00e3o indicativa: livre<br \/>\nInforma\u00e7\u00f5es: 2095-3050<\/p>\n<p><strong>Claudia Leitte<\/strong><br \/>\nEst\u00e2ncia Alto da Serra<br \/>\nEstrada Velha de Santos &#8211; km 33 &#8211; S\u00e3o Bernardo do Campo<br \/>\n02 de julho, \u00e0s 12h<br \/>\nIngressos: R$ 70 a R$ 130<br \/>\nClassifica\u00e7\u00e3o indicativa: 18 anos<br \/>\nInforma\u00e7\u00f5es: 4101-5000<\/p>\n<p><strong>Emilio Santiago<\/strong><br \/>\nSesc Pinheiros<br \/>\nRua Paes Leme, 195<br \/>\nSexta e s\u00e1bado, \u00e0s 21h; domingo, \u00e0s 18h<br \/>\nIngressos: R$ 8 a R$ 32<br \/>\nClassifica\u00e7\u00e3o indicativa: 10 anos<br \/>\nInforma\u00e7\u00f5es: 3095-9400<\/p>\n<p><strong>Um dia ouvi a lua<\/strong><br \/>\nTeatro Coletivo<br \/>\nRua da Consola\u00e7\u00e3o, 1623 &#8211; Sala I &#8211; 134 lugares<br \/>\nSextas e s\u00e1bados, 21h; domingos, 20h &#8211; At\u00e9 14 de agosto<br \/>\nIngressos: R$ 20 &#8211; At\u00e9 dia 15 de julho<br \/>\nClassifica\u00e7\u00e3o indicativa: 12 anos<br \/>\nInforma\u00e7\u00f5es: 3255-5922<\/p>\n<p><strong>Clich\u00ea<\/strong><br \/>\nTeatro Folha &#8211; Shopping P\u00e1tio Higien\u00f3polis<br \/>\nAv. Higien\u00f3polis, 618 \/ Terra\u00e7o<br \/>\nSexta, \u00e0s 21h30; s\u00e1bado, \u00e0s 22h; Domingo, \u00e0s 20h<br \/>\nTemporada: at\u00e9 28 de agosto<br \/>\nIngressos: R$ 40 a R$ 50<br \/>\nClassifica\u00e7\u00e3o indicativa: 12 anos<br \/>\nInforma\u00e7\u00f5es: 3823-2323<\/p>\n<p><em>Fonte: G1<\/em><\/p>\n\n<div style=\"font-size: 0px; height: 0px; line-height: 0px; margin: 0; padding: 0; clear: both;\"><\/div>","protected":false},"excerpt":{"rendered":"<p>A banda de rock Paralamas do Sucesso \u00e9 uma das atra\u00e7\u00f5es do fim de semana em S\u00e3o Paulo. Eles se apresentam, de gra\u00e7a, no Sesc Itaquera, na Zona Leste, neste domingo (3), a partir das 15h. As festas juninas continuam. Em Mau\u00e1, as atra\u00e7\u00f5es acabam neste domingo com show do Sampa Crew; na Portuguesa, shows com Belo e Michel Tel\u00f3. O grupo de reggae Planta e Raiz se apresenta na Festa Junina do Corinthians. Confira todas as atra\u00e7\u00f5es da Agenda Cultural do SPTV: Barbatuques &#8211; Espet\u00e1culo Tum P\u00e1 TUCARENA &#8211; PUC Rua Monte Alegre, 1024 &#8211; Entrada pela Rua Bartira <\/p>\n","protected":false},"author":1,"featured_media":0,"comment_status":"open","ping_status":"closed","sticky":false,"template":"","format":"standard","meta":{"footnotes":""},"categories":[6],"tags":[],"class_list":["post-638","post","type-post","status-publish","format-standard","hentry","category-noticias-itaquera"],"_links":{"self":[{"href":"https:\/\/www.encontraitaquera.com.br\/sobre\/wp-json\/wp\/v2\/posts\/638","targetHints":{"allow":["GET"]}}],"collection":[{"href":"https:\/\/www.encontraitaquera.com.br\/sobre\/wp-json\/wp\/v2\/posts"}],"about":[{"href":"https:\/\/www.encontraitaquera.com.br\/sobre\/wp-json\/wp\/v2\/types\/post"}],"author":[{"embeddable":true,"href":"https:\/\/www.encontraitaquera.com.br\/sobre\/wp-json\/wp\/v2\/users\/1"}],"replies":[{"embeddable":true,"href":"https:\/\/www.encontraitaquera.com.br\/sobre\/wp-json\/wp\/v2\/comments?post=638"}],"version-history":[{"count":1,"href":"https:\/\/www.encontraitaquera.com.br\/sobre\/wp-json\/wp\/v2\/posts\/638\/revisions"}],"predecessor-version":[{"id":10684,"href":"https:\/\/www.encontraitaquera.com.br\/sobre\/wp-json\/wp\/v2\/posts\/638\/revisions\/10684"}],"wp:attachment":[{"href":"https:\/\/www.encontraitaquera.com.br\/sobre\/wp-json\/wp\/v2\/media?parent=638"}],"wp:term":[{"taxonomy":"category","embeddable":true,"href":"https:\/\/www.encontraitaquera.com.br\/sobre\/wp-json\/wp\/v2\/categories?post=638"},{"taxonomy":"post_tag","embeddable":true,"href":"https:\/\/www.encontraitaquera.com.br\/sobre\/wp-json\/wp\/v2\/tags?post=638"}],"curies":[{"name":"wp","href":"https:\/\/api.w.org\/{rel}","templated":true}]}}