{"id":665,"date":"2011-07-15T02:45:49","date_gmt":"2011-07-15T04:45:49","guid":{"rendered":"http:\/\/www.encontraitaquera.com.br\/noticias\/?p=665"},"modified":"2019-04-12T18:53:04","modified_gmt":"2019-04-12T20:53:04","slug":"subprefeitura-de-itaquera-promove-sessoes-gratuitas-de-cinema","status":"publish","type":"post","link":"https:\/\/www.encontraitaquera.com.br\/sobre\/subprefeitura-de-itaquera-promove-sessoes-gratuitas-de-cinema\/","title":{"rendered":"Subprefeitura de Itaquera promove sess\u00f5es gratuitas de cinema"},"content":{"rendered":"<div class=\"f6a401da1b960306e8d5ff784b0b5528\" data-index=\"1\" style=\"float: none; margin:0px;\">\n<!-- Anuncio display - global -->\r\n<ins class=\"adsbygoogle\"\r\n     style=\"display:block\"\r\n     data-ad-client=\"ca-pub-8585364105181520\"\r\n     data-ad-slot=\"8789329856\"\r\n     data-ad-format=\"auto\"\r\n     data-full-width-responsive=\"true\"><\/ins>\r\n<script>\r\n     (adsbygoogle = window.adsbygoogle || []).push({});\r\n<\/script>\n<\/div>\n<p>A rec\u00e9m inaugurada Sala de Cinema da Subprefeitura do bairro de Itaquera (Rua Augusto Carlos Bauman, 851) promove no m\u00eas de julho sess\u00f5es gratuitas de cinema. Os filmes ser\u00e3o exibidos as sextas-feiras \u00e0s 15h e \u00e0s 17h.<\/p>\n<p>No dia 15 de julho ser\u00e1 apresentado o filme Chega de saudade, de La\u00eds Bodanzky. Dia 22 \u00e9 a vez de Canta Maria, de Francisco Ramalho Jr.<\/p>\n<p>Encerra a programa\u00e7\u00e3o do m\u00eas, no dia 29, Corisco &amp; Dada, de Rosemberg Cariry. A Sala de Cinema da Subprefeitura Itaquera \u00e9 uma parceria da Subprefeitura com a Associa\u00e7\u00e3o Cultural e Beneficente ABC Dinda, ONG que trabalha com projetos culturais para crian\u00e7as e jovens.<\/p>\n<p>Tamb\u00e9m \u00e9 parceira do evento a Rede Brazucah, produtora cultural de difus\u00e3o do cinema brasileiro.<\/p>\n<p><em>Fonte: Prefeitura de S. Paulo<\/em><\/p>\n\n<div style=\"font-size: 0px; height: 0px; line-height: 0px; margin: 0; padding: 0; clear: both;\"><\/div>","protected":false},"excerpt":{"rendered":"<p>A rec\u00e9m inaugurada Sala de Cinema da Subprefeitura do bairro de Itaquera (Rua Augusto Carlos Bauman, 851) promove no m\u00eas de julho sess\u00f5es gratuitas de cinema. Os filmes ser\u00e3o exibidos as sextas-feiras \u00e0s 15h e \u00e0s 17h. No dia 15 de julho ser\u00e1 apresentado o filme Chega de saudade, de La\u00eds Bodanzky. Dia 22 \u00e9 a vez de Canta Maria, de Francisco Ramalho Jr. Encerra a programa\u00e7\u00e3o do m\u00eas, no dia 29, Corisco &amp; Dada, de Rosemberg Cariry. A Sala de Cinema da Subprefeitura Itaquera \u00e9 uma parceria da Subprefeitura com a Associa\u00e7\u00e3o Cultural e Beneficente ABC Dinda, ONG que <\/p>\n","protected":false},"author":1,"featured_media":0,"comment_status":"open","ping_status":"closed","sticky":false,"template":"","format":"standard","meta":{"footnotes":""},"categories":[6],"tags":[],"class_list":["post-665","post","type-post","status-publish","format-standard","hentry","category-noticias-itaquera"],"_links":{"self":[{"href":"https:\/\/www.encontraitaquera.com.br\/sobre\/wp-json\/wp\/v2\/posts\/665","targetHints":{"allow":["GET"]}}],"collection":[{"href":"https:\/\/www.encontraitaquera.com.br\/sobre\/wp-json\/wp\/v2\/posts"}],"about":[{"href":"https:\/\/www.encontraitaquera.com.br\/sobre\/wp-json\/wp\/v2\/types\/post"}],"author":[{"embeddable":true,"href":"https:\/\/www.encontraitaquera.com.br\/sobre\/wp-json\/wp\/v2\/users\/1"}],"replies":[{"embeddable":true,"href":"https:\/\/www.encontraitaquera.com.br\/sobre\/wp-json\/wp\/v2\/comments?post=665"}],"version-history":[{"count":1,"href":"https:\/\/www.encontraitaquera.com.br\/sobre\/wp-json\/wp\/v2\/posts\/665\/revisions"}],"predecessor-version":[{"id":10675,"href":"https:\/\/www.encontraitaquera.com.br\/sobre\/wp-json\/wp\/v2\/posts\/665\/revisions\/10675"}],"wp:attachment":[{"href":"https:\/\/www.encontraitaquera.com.br\/sobre\/wp-json\/wp\/v2\/media?parent=665"}],"wp:term":[{"taxonomy":"category","embeddable":true,"href":"https:\/\/www.encontraitaquera.com.br\/sobre\/wp-json\/wp\/v2\/categories?post=665"},{"taxonomy":"post_tag","embeddable":true,"href":"https:\/\/www.encontraitaquera.com.br\/sobre\/wp-json\/wp\/v2\/tags?post=665"}],"curies":[{"name":"wp","href":"https:\/\/api.w.org\/{rel}","templated":true}]}}