{"id":8905,"date":"2013-12-12T09:07:58","date_gmt":"2013-12-12T11:07:58","guid":{"rendered":"http:\/\/www.encontraitaquera.com.br\/noticias\/?p=8905"},"modified":"2019-04-12T18:45:15","modified_gmt":"2019-04-12T20:45:15","slug":"participe-do-projeto-natal-iluminado-de-itaquera-2","status":"publish","type":"post","link":"https:\/\/www.encontraitaquera.com.br\/sobre\/participe-do-projeto-natal-iluminado-de-itaquera-2\/","title":{"rendered":"Participe do Projeto Natal Iluminado de Itaquera"},"content":{"rendered":"<div class=\"f6a401da1b960306e8d5ff784b0b5528\" data-index=\"1\" style=\"float: none; margin:0px;\">\n<!-- Anuncio display - global -->\r\n<ins class=\"adsbygoogle\"\r\n     style=\"display:block\"\r\n     data-ad-client=\"ca-pub-8585364105181520\"\r\n     data-ad-slot=\"8789329856\"\r\n     data-ad-format=\"auto\"\r\n     data-full-width-responsive=\"true\"><\/ins>\r\n<script>\r\n     (adsbygoogle = window.adsbygoogle || []).push({});\r\n<\/script>\n<\/div>\n<p>O Projeto &#8220;Natal Iluminado de Itaquera&#8221; acontecer\u00e1 nos dias 21 e 22 de dezembro, na Pra\u00e7a da Esta\u00e7\u00e3o, a partir das 13 horas. Todos podem participar do evento.<\/p>\n<p><strong>Confira a programa\u00e7\u00e3o:<\/strong><\/p>\n<p><strong>Dia 21 de dezembro (s\u00e1bado)<\/strong><br \/>\nHor\u00e1rio: a partir das 13h<br \/>\nAtra\u00e7\u00f5es: diversos artistas locais: Suelen Lopes (Mirim) &#8211;\u00a0 Grupo Novo Amanhecer (Samba Gospel) e Coral Art\u00edstico Bacarelli<\/p>\n<p><strong>Dia 22 de dezembro (domingo)<\/strong><br \/>\nHor\u00e1rio: a partir das 13h<br \/>\nAtividades da 1\u00aa Igreja Batista de Itaquera &#8211; Bandas Gospel<\/p>\n<p><strong>Servi\u00e7o:<\/strong><br \/>\n<strong>Local:<\/strong> Pra\u00e7a da Esta\u00e7\u00e3o<br \/>\n<strong>Dias:<\/strong> 21 e 22 de dezembro<br \/>\n<strong>Valor:<\/strong> Evento gratuito<\/p>\n\n<div style=\"font-size: 0px; height: 0px; line-height: 0px; margin: 0; padding: 0; clear: both;\"><\/div>","protected":false},"excerpt":{"rendered":"<p>O Projeto &#8220;Natal Iluminado de Itaquera&#8221; acontecer\u00e1 nos dias 21 e 22 de dezembro, na Pra\u00e7a da Esta\u00e7\u00e3o, a partir das 13 horas. Todos podem participar do evento. Confira a programa\u00e7\u00e3o: Dia 21 de dezembro (s\u00e1bado) Hor\u00e1rio: a partir das 13h Atra\u00e7\u00f5es: diversos artistas locais: Suelen Lopes (Mirim) &#8211;\u00a0 Grupo Novo Amanhecer (Samba Gospel) e Coral Art\u00edstico Bacarelli Dia 22 de dezembro (domingo) Hor\u00e1rio: a partir das 13h Atividades da 1\u00aa Igreja Batista de Itaquera &#8211; Bandas Gospel Servi\u00e7o: Local: Pra\u00e7a da Esta\u00e7\u00e3o Dias: 21 e 22 de dezembro Valor: Evento gratuito<\/p>\n","protected":false},"author":1,"featured_media":0,"comment_status":"open","ping_status":"closed","sticky":false,"template":"","format":"standard","meta":{"footnotes":""},"categories":[6],"tags":[],"class_list":["post-8905","post","type-post","status-publish","format-standard","hentry","category-noticias-itaquera"],"_links":{"self":[{"href":"https:\/\/www.encontraitaquera.com.br\/sobre\/wp-json\/wp\/v2\/posts\/8905","targetHints":{"allow":["GET"]}}],"collection":[{"href":"https:\/\/www.encontraitaquera.com.br\/sobre\/wp-json\/wp\/v2\/posts"}],"about":[{"href":"https:\/\/www.encontraitaquera.com.br\/sobre\/wp-json\/wp\/v2\/types\/post"}],"author":[{"embeddable":true,"href":"https:\/\/www.encontraitaquera.com.br\/sobre\/wp-json\/wp\/v2\/users\/1"}],"replies":[{"embeddable":true,"href":"https:\/\/www.encontraitaquera.com.br\/sobre\/wp-json\/wp\/v2\/comments?post=8905"}],"version-history":[{"count":1,"href":"https:\/\/www.encontraitaquera.com.br\/sobre\/wp-json\/wp\/v2\/posts\/8905\/revisions"}],"predecessor-version":[{"id":10107,"href":"https:\/\/www.encontraitaquera.com.br\/sobre\/wp-json\/wp\/v2\/posts\/8905\/revisions\/10107"}],"wp:attachment":[{"href":"https:\/\/www.encontraitaquera.com.br\/sobre\/wp-json\/wp\/v2\/media?parent=8905"}],"wp:term":[{"taxonomy":"category","embeddable":true,"href":"https:\/\/www.encontraitaquera.com.br\/sobre\/wp-json\/wp\/v2\/categories?post=8905"},{"taxonomy":"post_tag","embeddable":true,"href":"https:\/\/www.encontraitaquera.com.br\/sobre\/wp-json\/wp\/v2\/tags?post=8905"}],"curies":[{"name":"wp","href":"https:\/\/api.w.org\/{rel}","templated":true}]}}