{"id":8921,"date":"2014-01-22T01:09:01","date_gmt":"2014-01-22T03:09:01","guid":{"rendered":"http:\/\/www.encontraitaquera.com.br\/noticias\/?p=8921"},"modified":"2019-04-12T18:45:14","modified_gmt":"2019-04-12T20:45:14","slug":"em-itaquera-parque-do-carmo-recebera-programacao-especial-em-homenagem-aos-460-anos-de-sp","status":"publish","type":"post","link":"https:\/\/www.encontraitaquera.com.br\/sobre\/em-itaquera-parque-do-carmo-recebera-programacao-especial-em-homenagem-aos-460-anos-de-sp\/","title":{"rendered":"Em Itaquera, Parque do Carmo receber\u00e1 programa\u00e7\u00e3o especial em homenagem aos 460 anos de SP"},"content":{"rendered":"<div class=\"f6a401da1b960306e8d5ff784b0b5528\" data-index=\"1\" style=\"float: none; margin:0px;\">\n<!-- Anuncio display - global -->\r\n<ins class=\"adsbygoogle\"\r\n     style=\"display:block\"\r\n     data-ad-client=\"ca-pub-8585364105181520\"\r\n     data-ad-slot=\"8789329856\"\r\n     data-ad-format=\"auto\"\r\n     data-full-width-responsive=\"true\"><\/ins>\r\n<script>\r\n     (adsbygoogle = window.adsbygoogle || []).push({});\r\n<\/script>\n<\/div>\n<p>O\u00a0anivers\u00e1rio de 460 anos de S\u00e3o Paulo, celebrado no dia 25 de janeiro, vai ocupar todo o territ\u00f3rio da cidade. Na\u00a0Zona Leste, Flora Mattos, Lurdez da Luz, Rappin\u2019 Hood tocam ao longo do dia no Parque do Carmo. O encerramento, \u00e0s 20h, fica por conta de Jorge Arag\u00e3o.<\/p>\n<p>A curadoria da programa\u00e7\u00e3o na regi\u00e3o \u00e9 de Alessandro Buzzo, Rodrigo Campos e Sharylaine.<\/p>\n<p><strong>Confira os hor\u00e1rios dos shows:<\/strong><\/p>\n<p><strong>S\u00e1bado, 25 de janeiro<\/strong><\/p>\n<p>13h &#8211; DJ King<\/p>\n<p>14h &#8211; Odisseia Das Flores<\/p>\n<p>15h &#8211; Flora Matos<\/p>\n<p>16h &#8211; O Que Dizem Os Umbigos<\/p>\n<p>17h &#8211; Al\u00e1fia<\/p>\n<p>18h &#8211; Lurdez Da Luz<\/p>\n<p>19h &#8211; Rappin Hood<\/p>\n<p>20h &#8211; Jorge Arag\u00e3o<\/p>\n<p><strong>INFORMA\u00c7\u00d5ES DO EVENTO<\/strong><\/p>\n<p>Data(s): 25 de janeiro de 2014<br \/>\nHor\u00e1rio(s): A partir das 13h<br \/>\nPre\u00e7o(s): Gr\u00e1tis<br \/>\nOnde: <a title=\"Parque do Carmo\" href=\"http:\/\/www.encontraitaquera.com.br\/noticias\/parque-do-carmo-no-itaquera.shtml\" target=\"_blank\">Parque do Carmo<\/a><br \/>\nEndere\u00e7o: Avenida Afonso de Sampaio e Souza, 951 &#8211; Itaquera<\/p>\n\n<div style=\"font-size: 0px; height: 0px; line-height: 0px; margin: 0; padding: 0; clear: both;\"><\/div>","protected":false},"excerpt":{"rendered":"<p>O\u00a0anivers\u00e1rio de 460 anos de S\u00e3o Paulo, celebrado no dia 25 de janeiro, vai ocupar todo o territ\u00f3rio da cidade. Na\u00a0Zona Leste, Flora Mattos, Lurdez da Luz, Rappin\u2019 Hood tocam ao longo do dia no Parque do Carmo. O encerramento, \u00e0s 20h, fica por conta de Jorge Arag\u00e3o. A curadoria da programa\u00e7\u00e3o na regi\u00e3o \u00e9 de Alessandro Buzzo, Rodrigo Campos e Sharylaine. Confira os hor\u00e1rios dos shows: S\u00e1bado, 25 de janeiro 13h &#8211; DJ King 14h &#8211; Odisseia Das Flores 15h &#8211; Flora Matos 16h &#8211; O Que Dizem Os Umbigos 17h &#8211; Al\u00e1fia 18h &#8211; Lurdez Da Luz 19h <\/p>\n","protected":false},"author":1,"featured_media":0,"comment_status":"open","ping_status":"closed","sticky":false,"template":"","format":"standard","meta":{"footnotes":""},"categories":[6],"tags":[],"class_list":["post-8921","post","type-post","status-publish","format-standard","hentry","category-noticias-itaquera"],"_links":{"self":[{"href":"https:\/\/www.encontraitaquera.com.br\/sobre\/wp-json\/wp\/v2\/posts\/8921","targetHints":{"allow":["GET"]}}],"collection":[{"href":"https:\/\/www.encontraitaquera.com.br\/sobre\/wp-json\/wp\/v2\/posts"}],"about":[{"href":"https:\/\/www.encontraitaquera.com.br\/sobre\/wp-json\/wp\/v2\/types\/post"}],"author":[{"embeddable":true,"href":"https:\/\/www.encontraitaquera.com.br\/sobre\/wp-json\/wp\/v2\/users\/1"}],"replies":[{"embeddable":true,"href":"https:\/\/www.encontraitaquera.com.br\/sobre\/wp-json\/wp\/v2\/comments?post=8921"}],"version-history":[{"count":1,"href":"https:\/\/www.encontraitaquera.com.br\/sobre\/wp-json\/wp\/v2\/posts\/8921\/revisions"}],"predecessor-version":[{"id":10102,"href":"https:\/\/www.encontraitaquera.com.br\/sobre\/wp-json\/wp\/v2\/posts\/8921\/revisions\/10102"}],"wp:attachment":[{"href":"https:\/\/www.encontraitaquera.com.br\/sobre\/wp-json\/wp\/v2\/media?parent=8921"}],"wp:term":[{"taxonomy":"category","embeddable":true,"href":"https:\/\/www.encontraitaquera.com.br\/sobre\/wp-json\/wp\/v2\/categories?post=8921"},{"taxonomy":"post_tag","embeddable":true,"href":"https:\/\/www.encontraitaquera.com.br\/sobre\/wp-json\/wp\/v2\/tags?post=8921"}],"curies":[{"name":"wp","href":"https:\/\/api.w.org\/{rel}","templated":true}]}}